{"id":1267,"date":"2023-05-12T03:58:58","date_gmt":"2023-05-12T03:58:58","guid":{"rendered":"https:\/\/ecosdelsur.com\/?p=1267"},"modified":"2023-05-12T03:59:04","modified_gmt":"2023-05-12T03:59:04","slug":"homenajearon-al-ministro-de-salud-y-ambiente-en-la-camara-de-diputados","status":"publish","type":"post","link":"https:\/\/ecosdelsur.com\/?p=1267","title":{"rendered":"Homenajearon al Ministro de Salud y Ambiente en la C\u00e1mara de Diputados"},"content":{"rendered":"<div class=\"not_imagen col-xs-12 col-sm-12 col-lg-5\">\n<div class=\"itemImageBlock\">\n<div><img decoding=\"async\" class=\"alignnone size-medium wp-image-1271 lazyload\" data-src=\"https:\/\/ecosdelsur.com\/wp-content\/uploads\/2023\/05\/salud2-300x177.jpg\" alt=\"\" width=\"300\" height=\"177\" data-srcset=\"https:\/\/ecosdelsur.com\/wp-content\/uploads\/2023\/05\/salud2-300x177.jpg 300w, https:\/\/ecosdelsur.com\/wp-content\/uploads\/2023\/05\/salud2-768x454.jpg 768w, https:\/\/ecosdelsur.com\/wp-content\/uploads\/2023\/05\/salud2.jpg 800w\" data-sizes=\"(max-width: 300px) 100vw, 300px\" src=\"data:image\/svg+xml;base64,PHN2ZyB3aWR0aD0iMSIgaGVpZ2h0PSIxIiB4bWxucz0iaHR0cDovL3d3dy53My5vcmcvMjAwMC9zdmciPjwvc3ZnPg==\" style=\"--smush-placeholder-width: 300px; --smush-placeholder-aspect-ratio: 300\/177;\" \/> <img decoding=\"async\" class=\"alignnone size-medium wp-image-1272 lazyload\" data-src=\"https:\/\/ecosdelsur.com\/wp-content\/uploads\/2023\/05\/salud5-300x180.jpg\" alt=\"\" width=\"300\" height=\"180\" data-srcset=\"https:\/\/ecosdelsur.com\/wp-content\/uploads\/2023\/05\/salud5-300x180.jpg 300w, https:\/\/ecosdelsur.com\/wp-content\/uploads\/2023\/05\/salud5-768x461.jpg 768w, https:\/\/ecosdelsur.com\/wp-content\/uploads\/2023\/05\/salud5.jpg 800w\" data-sizes=\"(max-width: 300px) 100vw, 300px\" src=\"data:image\/svg+xml;base64,PHN2ZyB3aWR0aD0iMSIgaGVpZ2h0PSIxIiB4bWxucz0iaHR0cDovL3d3dy53My5vcmcvMjAwMC9zdmciPjwvc3ZnPg==\" style=\"--smush-placeholder-width: 300px; --smush-placeholder-aspect-ratio: 300\/180;\" \/> <img decoding=\"async\" class=\"alignnone size-medium wp-image-1270 lazyload\" data-src=\"https:\/\/ecosdelsur.com\/wp-content\/uploads\/2023\/05\/salud-300x183.jpg\" alt=\"\" width=\"300\" height=\"183\" data-srcset=\"https:\/\/ecosdelsur.com\/wp-content\/uploads\/2023\/05\/salud-300x183.jpg 300w, https:\/\/ecosdelsur.com\/wp-content\/uploads\/2023\/05\/salud-768x469.jpg 768w, https:\/\/ecosdelsur.com\/wp-content\/uploads\/2023\/05\/salud.jpg 800w\" data-sizes=\"(max-width: 300px) 100vw, 300px\" src=\"data:image\/svg+xml;base64,PHN2ZyB3aWR0aD0iMSIgaGVpZ2h0PSIxIiB4bWxucz0iaHR0cDovL3d3dy53My5vcmcvMjAwMC9zdmciPjwvc3ZnPg==\" style=\"--smush-placeholder-width: 300px; --smush-placeholder-aspect-ratio: 300\/183;\" \/> <img decoding=\"async\" class=\"alignnone size-medium wp-image-1269 lazyload\" data-src=\"https:\/\/ecosdelsur.com\/wp-content\/uploads\/2023\/05\/04-300x190.jpeg\" alt=\"\" width=\"300\" height=\"190\" data-srcset=\"https:\/\/ecosdelsur.com\/wp-content\/uploads\/2023\/05\/04-300x190.jpeg 300w, https:\/\/ecosdelsur.com\/wp-content\/uploads\/2023\/05\/04-768x486.jpeg 768w, https:\/\/ecosdelsur.com\/wp-content\/uploads\/2023\/05\/04.jpeg 800w\" data-sizes=\"(max-width: 300px) 100vw, 300px\" src=\"data:image\/svg+xml;base64,PHN2ZyB3aWR0aD0iMSIgaGVpZ2h0PSIxIiB4bWxucz0iaHR0cDovL3d3dy53My5vcmcvMjAwMC9zdmciPjwvc3ZnPg==\" style=\"--smush-placeholder-width: 300px; --smush-placeholder-aspect-ratio: 300\/190;\" \/><\/div>\n<div><\/div>\n<div class=\"clr\">En un reconocimiento que tuvo lugar en la Honorable C\u00e1mara de Diputados de la Provincia, el vicegobernador Eugenio Quiroga, rindi\u00f3 un homenaje al actual ministro de Salud y Ambiente, Claudio Garc\u00eda, por su labor parlamentaria durante su mandato cumplido en la C\u00e1mara de Diputados en el periodo 2015 a 2019.<\/div>\n<\/div>\n<\/div>\n<div class=\"not_texto col-xs-12 col-sm-12 col-lg-7\">\n<div class=\"itemFullText\">\n<p>En el marco de los 50 Periodos Legislativos de la C\u00e1mara de Diputados, y los 40 a\u00f1os de Democracia en nuestro pa\u00eds, se homenaje\u00f3 al diputado (MC) Claudio Garc\u00eda quien recibi\u00f3 de manos del Vicegobernador un diploma en reconocimiento a su labor realizada durante esos a\u00f1os de gesti\u00f3n como legislador mandato cumplido (2015-2019), en la provincia de Santa Cruz. El homenaje cont\u00f3 con la presencia de la totalidad de los diputados de los bloques que conforman el parlamento santacruce\u00f1o.<\/p>\n<p>En ese sentido, el titular de la cartera sanitaria agradeci\u00f3 al Vicegobernador y a todos los diputados por el reconocimiento a todos los ex legisladores o diputados mandato cumplido, y puso en valor las distintas acciones que se hacen en la c\u00e1mara de diputados, donde destac\u00f3 \u201cel trabajo legislativo y el apoyo que recibimos del Poder legislativo, para nosotros es importante que los diputados nos acompa\u00f1en independientemente del color pol\u00edtico porque buscamos una provincia mucho mejor para todos y todas las santacruce\u00f1as\u201d.<\/p>\n<\/div>\n<\/div>\n","protected":false},"excerpt":{"rendered":"<p>En un reconocimiento que tuvo lugar en la Honorable C\u00e1mara de Diputados de la Provincia, el vicegobernador Eugenio Quiroga, rindi\u00f3<\/p>\n","protected":false},"author":8,"featured_media":1268,"comment_status":"open","ping_status":"closed","sticky":false,"template":"","format":"standard","meta":{"footnotes":""},"categories":[35],"tags":[],"class_list":["post-1267","post","type-post","status-publish","format-standard","has-post-thumbnail","hentry","category-sociedad"],"_links":{"self":[{"href":"https:\/\/ecosdelsur.com\/index.php?rest_route=\/wp\/v2\/posts\/1267","targetHints":{"allow":["GET"]}}],"collection":[{"href":"https:\/\/ecosdelsur.com\/index.php?rest_route=\/wp\/v2\/posts"}],"about":[{"href":"https:\/\/ecosdelsur.com\/index.php?rest_route=\/wp\/v2\/types\/post"}],"author":[{"embeddable":true,"href":"https:\/\/ecosdelsur.com\/index.php?rest_route=\/wp\/v2\/users\/8"}],"replies":[{"embeddable":true,"href":"https:\/\/ecosdelsur.com\/index.php?rest_route=%2Fwp%2Fv2%2Fcomments&post=1267"}],"version-history":[{"count":0,"href":"https:\/\/ecosdelsur.com\/index.php?rest_route=\/wp\/v2\/posts\/1267\/revisions"}],"wp:featuredmedia":[{"embeddable":true,"href":"https:\/\/ecosdelsur.com\/index.php?rest_route=\/wp\/v2\/media\/1268"}],"wp:attachment":[{"href":"https:\/\/ecosdelsur.com\/index.php?rest_route=%2Fwp%2Fv2%2Fmedia&parent=1267"}],"wp:term":[{"taxonomy":"category","embeddable":true,"href":"https:\/\/ecosdelsur.com\/index.php?rest_route=%2Fwp%2Fv2%2Fcategories&post=1267"},{"taxonomy":"post_tag","embeddable":true,"href":"https:\/\/ecosdelsur.com\/index.php?rest_route=%2Fwp%2Fv2%2Ftags&post=1267"}],"curies":[{"name":"wp","href":"https:\/\/api.w.org\/{rel}","templated":true}]}}