{"id":1263,"date":"2023-05-12T03:16:34","date_gmt":"2023-05-12T03:16:34","guid":{"rendered":"https:\/\/ecosdelsur.com\/?p=1263"},"modified":"2023-05-12T03:16:39","modified_gmt":"2023-05-12T03:16:39","slug":"julian-carrizo-en-su-primera-sesion-como-legislador-defiende-el-proyecto-de-creacion-de-casa-de-caleta-olivia-en-rio-gallegos","status":"publish","type":"post","link":"https:\/\/ecosdelsur.com\/?p=1263","title":{"rendered":"Juli\u00e1n Carrizo en su primera sesi\u00f3n como legislador, defiende el proyecto de creaci\u00f3n de Casa de Caleta Olivia en R\u00edo Gallegos"},"content":{"rendered":"<p>El diputado provincial de Santa Cruz, Juli\u00e1n Carrizo, expres\u00f3 en la sesi\u00f3n de este jueves su apoyo a los proyectos presentados por la Diputada Liliana Toro, especialmente el que declara el \u201cbenepl\u00e1cito por la creaci\u00f3n de la Casa de Caleta Olivia en R\u00edo Gallegos\u201d.<\/p>\n<p>En la Legislatura santacruce\u00f1a, Carrizo enfatiz\u00f3 \u201cla importancia de colaborar y aportar en este tipo de iniciativas\u201d, y record\u00f3 su trayectoria ayudando a vecinos caletenses que le piden ayuda para tr\u00e1mites en la capital provincial para la parte social, en la Caja de Servicios Sociales, por temas previsionales, o ante el Ministerio de Salud o el de Desarrollo Social de la provincia.<\/p>\n<p>Carrizo inst\u00f3 a sus colegas diputados \u201ca evaluar lo que sucede en sus respectivas comunidades y a dejar de lado las mezquindades y planteos inoportunos que no conducen a lograr acuerdos necesarios para llevar adelante proyectos en beneficio de la poblaci\u00f3n\u201d.<\/p>\n<p>Adem\u00e1s, el Diputado Carrizo critic\u00f3 las dudas planteadas por el diputado Jos\u00e9 Luis Garrido del partido SER, quien hab\u00eda minimizando la creaci\u00f3n de esa Casa, y recomendando que sea tratado en el Concejo Deliberante caletense y no en la Legislatura.<\/p>\n<p>La diputada Liliana Toro tambi\u00e9n sali\u00f3 en defensa de los proyectos presentados, destacando que \u201ctodo lo que sea para la ciudad de Caleta Olivia\u201d lo seguir\u00e1 presentando en la legislatura, \u201cindependientemente de las opiniones de la oposici\u00f3n\u201d.<\/p>\n<p>Carrizo reafirm\u00f3 su apoyo a los proyectos y vot\u00f3 positivamente por la resoluci\u00f3n.<\/p>\n","protected":false},"excerpt":{"rendered":"<p>El diputado provincial de Santa Cruz, Juli\u00e1n Carrizo, expres\u00f3 en la sesi\u00f3n de este jueves su apoyo a los proyectos<\/p>\n","protected":false},"author":8,"featured_media":1264,"comment_status":"open","ping_status":"closed","sticky":false,"template":"","format":"standard","meta":{"footnotes":""},"categories":[33],"tags":[],"class_list":["post-1263","post","type-post","status-publish","format-standard","has-post-thumbnail","hentry","category-politica"],"_links":{"self":[{"href":"https:\/\/ecosdelsur.com\/index.php?rest_route=\/wp\/v2\/posts\/1263","targetHints":{"allow":["GET"]}}],"collection":[{"href":"https:\/\/ecosdelsur.com\/index.php?rest_route=\/wp\/v2\/posts"}],"about":[{"href":"https:\/\/ecosdelsur.com\/index.php?rest_route=\/wp\/v2\/types\/post"}],"author":[{"embeddable":true,"href":"https:\/\/ecosdelsur.com\/index.php?rest_route=\/wp\/v2\/users\/8"}],"replies":[{"embeddable":true,"href":"https:\/\/ecosdelsur.com\/index.php?rest_route=%2Fwp%2Fv2%2Fcomments&post=1263"}],"version-history":[{"count":0,"href":"https:\/\/ecosdelsur.com\/index.php?rest_route=\/wp\/v2\/posts\/1263\/revisions"}],"wp:featuredmedia":[{"embeddable":true,"href":"https:\/\/ecosdelsur.com\/index.php?rest_route=\/wp\/v2\/media\/1264"}],"wp:attachment":[{"href":"https:\/\/ecosdelsur.com\/index.php?rest_route=%2Fwp%2Fv2%2Fmedia&parent=1263"}],"wp:term":[{"taxonomy":"category","embeddable":true,"href":"https:\/\/ecosdelsur.com\/index.php?rest_route=%2Fwp%2Fv2%2Fcategories&post=1263"},{"taxonomy":"post_tag","embeddable":true,"href":"https:\/\/ecosdelsur.com\/index.php?rest_route=%2Fwp%2Fv2%2Ftags&post=1263"}],"curies":[{"name":"wp","href":"https:\/\/api.w.org\/{rel}","templated":true}]}}