{"id":1247,"date":"2023-05-12T02:48:43","date_gmt":"2023-05-12T02:48:43","guid":{"rendered":"https:\/\/ecosdelsur.com\/?p=1247"},"modified":"2023-05-12T02:48:43","modified_gmt":"2023-05-12T02:48:43","slug":"grandes-espectaculos-y-artistas-llegan-a-la-capital-santacrucena-en-los-proximos-dos-meses","status":"publish","type":"post","link":"https:\/\/ecosdelsur.com\/?p=1247","title":{"rendered":"Grandes espect\u00e1culos y artistas llegan a la Capital santacruce\u00f1a en los pr\u00f3ximos dos meses"},"content":{"rendered":"<p>Diversos espect\u00e1culos se presentar\u00e1n durante los pr\u00f3ximos dos meses. Se destaca el \u201cSegundo Encuentro Provincial de Danzas Folcl\u00f3ricas\u201d, con la presentaci\u00f3n del Campe\u00f3n Nacional de Malambo \u201cColo\u201d Salazar y del cantante Emiliano Zerbini. Para la Velada Patri\u00f3tica se presentar\u00e1 el reconocido grupo folkl\u00f3rico Ayhre.<\/p>\n<p>Se realizar\u00e1 por primera vez un encuentro provincial de tejedoras. Y para el d\u00eda del vecino y vecina se presentar\u00e1 el popular Antonio R\u00edos. Tambi\u00e9n llegar\u00e1 a nuestra ciudad el espect\u00e1culo de Wali Iturriaga \u201cLa Jenny\u201d.<\/p>\n<p>En instalaciones del Gimnasio Municipal 17 de Octubre, el intendente Pablo Grasso present\u00f3 el ciclo \u201cLa Cultura te Sorprende\u201d que consiste en actividades culturales organizadas para los meses de mayo y junio en el marco del programa \u201cEntre Vos y Yo\u201d, que desde el a\u00f1o pasado impulsa la Municipalidad de R\u00edo Gallegos a trav\u00e9s del \u00e1rea de Gesti\u00f3n Cultural.<\/p>\n<p>Durante la ceremonia el intendente estuvo acompa\u00f1ado por el secretario de Estado de Cultura, Oscar Canto; y las secretarias de Ni\u00f1ez, Adolescencia y Familia, Julia Chalub; de Desarrollo Comunitario, Alejandra V\u00e1zquez, y de Producci\u00f3n, Comercio e Industria de la Municipalidad de R\u00edo Gallegos, Moira Lanes\u00e1n Sancho.<br \/>\nAsimismo, estuvieron presentes diversas autoridades comunales, legisladores provinciales, del Concejo Deliberante, y la presidenta del Instituto de Desarrollo Urbano y Vivienda, Mar\u00eda Grasso, entre otros funcionarios.<br \/>\nLas actividades programadas son para toda la familia. Se trata de una propuesta basada en la diversi\u00f3n, que contar\u00e1 con mucha m\u00fasica, bailes, shows diversos y muchas sorpresas que se avecinan, siendo la entrada en cada uno de los casos, gratuita.<\/p>\n<p>Cronograma<br \/>\n-El 12 y 13 de mayo se realizar\u00e1 el \u201cSegundo Encuentro Provincial de Danzas Folcl\u00f3ricas\u201d, que contar\u00e1 con la presentaci\u00f3n del Campe\u00f3n Nacional de Malambo Sergio \u201cColo\u201d Salazar y del cantante Emiliano Zerbini. Esto ser\u00e1 en el Gimnasio Juan Bautista Rocha a partir de las 20 horas.<br \/>\n-En el Club Boca Rio Gallegos, se realizar\u00e1 el 13 y 14 de mayo de 15 a 20 horas una nueva edici\u00f3n de la Expo Bienestar Gallegos, que re\u00fane a emprendedores y profesionales vinculados a la est\u00e9tica, la cosmetolog\u00eda, las terapias hol\u00edtiscas, etc.<br \/>\n-En tanto, el 13 y 14 se desarrollar\u00e1 en el predio de la Sociedad Rural desde las 14:00 horas el 5\u00b0 Patio Joven. Un lugar de encuentro para toda la juventud, con artistas, stand, graffiteros, emprendedores, juegos de rol, Patio Gamer, Cosplay y mucho m\u00e1s.<br \/>\n-Luego, los d\u00edas 20 y 21 del corriente mes, tendr\u00e1 lugar el denominado \u201cPrimer Encuentro Provincial de Tejedoras\u201d, flamante actividad que tendr\u00e1 lugar en la Sociedad Rural R\u00edo Gallegos a partir de la hora 15 en ambas jornadas.<br \/>\n-El 24 de mayo, se realizar\u00e1 la tradicional y muy esperada \u201cVelada Patri\u00f3tica\u201d, que presentar\u00e1: \u201cMujer Patriota, Madre de la Libertad\u201d y que contar\u00e1 con la presentaci\u00f3n del reconocido grupo \u201cAhyre\u201d, conformado por ex integrantes de \u201cLos Huayra\u201d, muy reconocidos por ser los creadores de la canci\u00f3n \u201cLa Noche sin Ti\u201d. Como es costumbre, la cita ser\u00e1 en el Polideportivo del Atl\u00e9tico Boxing Club desde las 19 horas.<br \/>\n-El 25 de mayo se realizar\u00e1 el Acto Patrio y tambi\u00e9n tendr\u00e1 lugar un \u201cLocro Popular\u201d con epicentro justamente en la intersecci\u00f3n de las Avenidas Kirchner y San Mart\u00edn durante el mediod\u00eda festivo.<br \/>\n-Ese mismo 25 se realizar\u00e1 la inauguraci\u00f3n de la remodelaci\u00f3n de la Avenida Kirchner.<br \/>\n-Luego, el 27 del mes en curso, en instalaciones del Juan Bautista Rocha y desde la hora 20, ser\u00e1 el turno de la V Edici\u00f3n de la Pe\u00f1a Municipal \u201cLa Pulper\u00eda\u201d, con reconocidos artistas del orden local que estar\u00e1n participando en la ocasi\u00f3n.<\/p>\n<p>Las actividades contin\u00faan en junio<br \/>\n-El 3 con el show de Wali Iturriaga \u201cLa Jenny\u201d que ser\u00e1 en el Atl\u00e9tico Boxing Club desde las 20 horas.<br \/>\n-Entre tanto, el 10 de ese mes se realizar\u00e1 el denominado \u201cConcurso de Rock and Roll\u201d en instalaciones del Gimnasio Rocha.<br \/>\n-El ciclo seguir\u00e1 su curso el 18 de junio con el Gran Bingo \u201cD\u00eda del Vecino y de la Vecina\u201d y cuyo corolario tendr\u00e1 ni m\u00e1s ni menos que la presentaci\u00f3n del destacado artista popular Antonio R\u00edos. La cita en este caso ser\u00e1 desde la hor 16 en el Polideportivo del Atl\u00e9tico Boxing Club.<\/p>\n<p><img decoding=\"async\" class=\"size-medium wp-image-1256 alignright lazyload\" data-src=\"https:\/\/ecosdelsur.com\/wp-content\/uploads\/2023\/05\/grasso2-300x173.jpg\" alt=\"\" width=\"300\" height=\"173\" data-srcset=\"https:\/\/ecosdelsur.com\/wp-content\/uploads\/2023\/05\/grasso2-300x173.jpg 300w, https:\/\/ecosdelsur.com\/wp-content\/uploads\/2023\/05\/grasso2-768x443.jpg 768w, https:\/\/ecosdelsur.com\/wp-content\/uploads\/2023\/05\/grasso2.jpg 800w\" data-sizes=\"(max-width: 300px) 100vw, 300px\" src=\"data:image\/svg+xml;base64,PHN2ZyB3aWR0aD0iMSIgaGVpZ2h0PSIxIiB4bWxucz0iaHR0cDovL3d3dy53My5vcmcvMjAwMC9zdmciPjwvc3ZnPg==\" style=\"--smush-placeholder-width: 300px; --smush-placeholder-aspect-ratio: 300\/173;\" \/> <img decoding=\"async\" class=\"alignnone size-medium wp-image-1254 lazyload\" data-src=\"https:\/\/ecosdelsur.com\/wp-content\/uploads\/2023\/05\/grasso-300x178.jpg\" alt=\"\" width=\"300\" height=\"178\" data-srcset=\"https:\/\/ecosdelsur.com\/wp-content\/uploads\/2023\/05\/grasso-300x178.jpg 300w, https:\/\/ecosdelsur.com\/wp-content\/uploads\/2023\/05\/grasso-768x455.jpg 768w, https:\/\/ecosdelsur.com\/wp-content\/uploads\/2023\/05\/grasso.jpg 800w\" data-sizes=\"(max-width: 300px) 100vw, 300px\" src=\"data:image\/svg+xml;base64,PHN2ZyB3aWR0aD0iMSIgaGVpZ2h0PSIxIiB4bWxucz0iaHR0cDovL3d3dy53My5vcmcvMjAwMC9zdmciPjwvc3ZnPg==\" style=\"--smush-placeholder-width: 300px; --smush-placeholder-aspect-ratio: 300\/178;\" \/><img decoding=\"async\" class=\"size-medium wp-image-1258 alignright lazyload\" data-src=\"https:\/\/ecosdelsur.com\/wp-content\/uploads\/2023\/05\/o7-300x200.jpg\" alt=\"\" width=\"300\" height=\"200\" data-srcset=\"https:\/\/ecosdelsur.com\/wp-content\/uploads\/2023\/05\/o7-300x200.jpg 300w, https:\/\/ecosdelsur.com\/wp-content\/uploads\/2023\/05\/o7-768x513.jpg 768w, https:\/\/ecosdelsur.com\/wp-content\/uploads\/2023\/05\/o7.jpg 800w\" data-sizes=\"(max-width: 300px) 100vw, 300px\" src=\"data:image\/svg+xml;base64,PHN2ZyB3aWR0aD0iMSIgaGVpZ2h0PSIxIiB4bWxucz0iaHR0cDovL3d3dy53My5vcmcvMjAwMC9zdmciPjwvc3ZnPg==\" style=\"--smush-placeholder-width: 300px; --smush-placeholder-aspect-ratio: 300\/200;\" \/> <img decoding=\"async\" class=\"size-medium wp-image-1259 alignright lazyload\" data-src=\"https:\/\/ecosdelsur.com\/wp-content\/uploads\/2023\/05\/rasso5-300x183.jpg\" alt=\"\" width=\"300\" height=\"183\" data-srcset=\"https:\/\/ecosdelsur.com\/wp-content\/uploads\/2023\/05\/rasso5-300x183.jpg 300w, https:\/\/ecosdelsur.com\/wp-content\/uploads\/2023\/05\/rasso5-768x469.jpg 768w, https:\/\/ecosdelsur.com\/wp-content\/uploads\/2023\/05\/rasso5.jpg 800w\" data-sizes=\"(max-width: 300px) 100vw, 300px\" src=\"data:image\/svg+xml;base64,PHN2ZyB3aWR0aD0iMSIgaGVpZ2h0PSIxIiB4bWxucz0iaHR0cDovL3d3dy53My5vcmcvMjAwMC9zdmciPjwvc3ZnPg==\" style=\"--smush-placeholder-width: 300px; --smush-placeholder-aspect-ratio: 300\/183;\" \/> <img decoding=\"async\" class=\"size-medium wp-image-1254 alignleft lazyload\" data-src=\"https:\/\/ecosdelsur.com\/wp-content\/uploads\/2023\/05\/grasso-300x178.jpg\" alt=\"\" width=\"300\" height=\"178\" data-srcset=\"https:\/\/ecosdelsur.com\/wp-content\/uploads\/2023\/05\/grasso-300x178.jpg 300w, https:\/\/ecosdelsur.com\/wp-content\/uploads\/2023\/05\/grasso-768x455.jpg 768w, https:\/\/ecosdelsur.com\/wp-content\/uploads\/2023\/05\/grasso.jpg 800w\" data-sizes=\"(max-width: 300px) 100vw, 300px\" src=\"data:image\/svg+xml;base64,PHN2ZyB3aWR0aD0iMSIgaGVpZ2h0PSIxIiB4bWxucz0iaHR0cDovL3d3dy53My5vcmcvMjAwMC9zdmciPjwvc3ZnPg==\" style=\"--smush-placeholder-width: 300px; --smush-placeholder-aspect-ratio: 300\/178;\" \/> <img decoding=\"async\" class=\"size-medium wp-image-1256 aligncenter lazyload\" data-src=\"https:\/\/ecosdelsur.com\/wp-content\/uploads\/2023\/05\/grasso2-300x173.jpg\" alt=\"\" width=\"300\" height=\"173\" data-srcset=\"https:\/\/ecosdelsur.com\/wp-content\/uploads\/2023\/05\/grasso2-300x173.jpg 300w, https:\/\/ecosdelsur.com\/wp-content\/uploads\/2023\/05\/grasso2-768x443.jpg 768w, https:\/\/ecosdelsur.com\/wp-content\/uploads\/2023\/05\/grasso2.jpg 800w\" data-sizes=\"(max-width: 300px) 100vw, 300px\" src=\"data:image\/svg+xml;base64,PHN2ZyB3aWR0aD0iMSIgaGVpZ2h0PSIxIiB4bWxucz0iaHR0cDovL3d3dy53My5vcmcvMjAwMC9zdmciPjwvc3ZnPg==\" style=\"--smush-placeholder-width: 300px; --smush-placeholder-aspect-ratio: 300\/173;\" \/><\/p>\n","protected":false},"excerpt":{"rendered":"<p>Diversos espect\u00e1culos se presentar\u00e1n durante los pr\u00f3ximos dos meses. Se destaca el \u201cSegundo Encuentro Provincial de Danzas Folcl\u00f3ricas\u201d, con la<\/p>\n","protected":false},"author":8,"featured_media":1255,"comment_status":"open","ping_status":"closed","sticky":false,"template":"","format":"standard","meta":{"footnotes":""},"categories":[35],"tags":[],"class_list":["post-1247","post","type-post","status-publish","format-standard","has-post-thumbnail","hentry","category-sociedad"],"_links":{"self":[{"href":"https:\/\/ecosdelsur.com\/index.php?rest_route=\/wp\/v2\/posts\/1247","targetHints":{"allow":["GET"]}}],"collection":[{"href":"https:\/\/ecosdelsur.com\/index.php?rest_route=\/wp\/v2\/posts"}],"about":[{"href":"https:\/\/ecosdelsur.com\/index.php?rest_route=\/wp\/v2\/types\/post"}],"author":[{"embeddable":true,"href":"https:\/\/ecosdelsur.com\/index.php?rest_route=\/wp\/v2\/users\/8"}],"replies":[{"embeddable":true,"href":"https:\/\/ecosdelsur.com\/index.php?rest_route=%2Fwp%2Fv2%2Fcomments&post=1247"}],"version-history":[{"count":0,"href":"https:\/\/ecosdelsur.com\/index.php?rest_route=\/wp\/v2\/posts\/1247\/revisions"}],"wp:featuredmedia":[{"embeddable":true,"href":"https:\/\/ecosdelsur.com\/index.php?rest_route=\/wp\/v2\/media\/1255"}],"wp:attachment":[{"href":"https:\/\/ecosdelsur.com\/index.php?rest_route=%2Fwp%2Fv2%2Fmedia&parent=1247"}],"wp:term":[{"taxonomy":"category","embeddable":true,"href":"https:\/\/ecosdelsur.com\/index.php?rest_route=%2Fwp%2Fv2%2Fcategories&post=1247"},{"taxonomy":"post_tag","embeddable":true,"href":"https:\/\/ecosdelsur.com\/index.php?rest_route=%2Fwp%2Fv2%2Ftags&post=1247"}],"curies":[{"name":"wp","href":"https:\/\/api.w.org\/{rel}","templated":true}]}}