{"id":1243,"date":"2023-05-12T01:46:44","date_gmt":"2023-05-12T01:46:44","guid":{"rendered":"https:\/\/ecosdelsur.com\/?p=1243"},"modified":"2023-05-12T01:46:49","modified_gmt":"2023-05-12T01:46:49","slug":"belloni-continua-sumando-apoyo-en-la-provincia-y-en-esta-oportunidad-lo-hizo-gomez-bull","status":"publish","type":"post","link":"https:\/\/ecosdelsur.com\/?p=1243","title":{"rendered":"Belloni contin\u00faa sumando apoyo en la provincia y en esta oportunidad lo hizo\u00a0 G\u00f3mez Bull"},"content":{"rendered":"<p>El jefe de Vialidad Provincial, Mauricio G\u00f3mez Bull, ha mostrado su apoyo hacia la posible candidatura de Javier Belloni como gobernador de Santa Cruz en las pr\u00f3ximas elecciones. En su declaraci\u00f3n, G\u00f3mez Bull destac\u00f3 la gesti\u00f3n intachable y responsable de Belloni, lo que lo convierte en la persona adecuada para liderar la provincia.<\/p>\n<p>&nbsp;<\/p>\n<p>G\u00f3mez Bull declar\u00f3 en sus redes sociales: &#8221; Vamos a respaldar la Candidatura a Gobernador de Javier Belloni, por ser la persona que demostr\u00f3 a toda Santa Cruz, que la administraci\u00f3n responsable, lleva a los mejores resultados de Gesti\u00f3n!. Javier Belloni Gobernador de Santa Cruz 2023! El Camino as\u00ed es!, sentenci\u00f3..<\/p>\n<p>De este modo, Javier Belloni, contin\u00faa sumando apoyo en toda la provincia de Santa Cruz.<\/p>\n<p>Con el respaldo de Gomez Bull y otros l\u00edderes provinciales, la candidatura de Belloni contin\u00faa ganando apoyo en toda la regi\u00f3n, lo\u00a0 que lo convierte en un candidato cada vez m\u00e1s fuerte para liderar la provincia en 2023.<\/p>\n","protected":false},"excerpt":{"rendered":"<p>El jefe de Vialidad Provincial, Mauricio G\u00f3mez Bull, ha mostrado su apoyo hacia la posible candidatura de Javier Belloni como<\/p>\n","protected":false},"author":8,"featured_media":1244,"comment_status":"open","ping_status":"closed","sticky":false,"template":"","format":"standard","meta":{"footnotes":""},"categories":[33],"tags":[86,84,85,48],"class_list":["post-1243","post","type-post","status-publish","format-standard","has-post-thumbnail","hentry","category-politica","tag-candidato-a-gobernador","tag-javier-belloni","tag-mauricio-gomez-bull","tag-santa-cruz"],"_links":{"self":[{"href":"https:\/\/ecosdelsur.com\/index.php?rest_route=\/wp\/v2\/posts\/1243","targetHints":{"allow":["GET"]}}],"collection":[{"href":"https:\/\/ecosdelsur.com\/index.php?rest_route=\/wp\/v2\/posts"}],"about":[{"href":"https:\/\/ecosdelsur.com\/index.php?rest_route=\/wp\/v2\/types\/post"}],"author":[{"embeddable":true,"href":"https:\/\/ecosdelsur.com\/index.php?rest_route=\/wp\/v2\/users\/8"}],"replies":[{"embeddable":true,"href":"https:\/\/ecosdelsur.com\/index.php?rest_route=%2Fwp%2Fv2%2Fcomments&post=1243"}],"version-history":[{"count":0,"href":"https:\/\/ecosdelsur.com\/index.php?rest_route=\/wp\/v2\/posts\/1243\/revisions"}],"wp:featuredmedia":[{"embeddable":true,"href":"https:\/\/ecosdelsur.com\/index.php?rest_route=\/wp\/v2\/media\/1244"}],"wp:attachment":[{"href":"https:\/\/ecosdelsur.com\/index.php?rest_route=%2Fwp%2Fv2%2Fmedia&parent=1243"}],"wp:term":[{"taxonomy":"category","embeddable":true,"href":"https:\/\/ecosdelsur.com\/index.php?rest_route=%2Fwp%2Fv2%2Fcategories&post=1243"},{"taxonomy":"post_tag","embeddable":true,"href":"https:\/\/ecosdelsur.com\/index.php?rest_route=%2Fwp%2Fv2%2Ftags&post=1243"}],"curies":[{"name":"wp","href":"https:\/\/api.w.org\/{rel}","templated":true}]}}