{"id":1239,"date":"2023-05-12T01:27:59","date_gmt":"2023-05-12T01:27:59","guid":{"rendered":"https:\/\/ecosdelsur.com\/?p=1239"},"modified":"2023-05-12T01:27:59","modified_gmt":"2023-05-12T01:27:59","slug":"alicia-firmo-decreto-que-establece-el-cronograma-electoral-en-santa-cruz","status":"publish","type":"post","link":"https:\/\/ecosdelsur.com\/?p=1239","title":{"rendered":"Alicia firm\u00f3 decreto que establece el cronograma electoral en Santa Cruz"},"content":{"rendered":"<div class=\"itemIntroText\">La gobernadora Alicia Kirchner firm\u00f3 el Decreto Provincial N\u00b0 497\/23, a trav\u00e9s del cual se convoca a elecciones en dos tramos, el primero ser\u00e1 el 13 de agosto y el segundo el 22 de octubre. De este modo, la provincia de Santa Cruz establece la modalidad en la cual el electorado, candidatos y candidatas participar\u00e1n en los comicios 2023.<\/div>\n<div class=\"itemFullText\">\n<p>El instrumento legal, convoca en primera instancia al electorado de la provincia a sufragar el d\u00eda 13 de agosto\u00a0 de 2023, para que se proceda a elegir los cargos de Gobernador\/a y Vicegobernador\/a, Diputados\/as Provinciales, Diputados\/as por Municipios y Representantes del Pueblo de la Provincia en el Consejo de la Magistratura. Mientras que el 22 de octubre de 2023, el mismo podr\u00e1 elegir los cargos de Intendentes\/as Municipales, Concejales Municipales y\u00a0 Presidentes\/as de las Comisiones de Fomento.<\/p>\n<p>Por otra parte, adhiere a los t\u00e9rminos y alcances del Decreto Nacional N\u00ba 237\/23, para participar de las elecciones primarias, abiertas, simult\u00e1neas\u00a0 y obligatorias (PASO) a los efectos de la elecci\u00f3n a candidatos a Senadores y Senadoras Nacionales, Diputados y Diputadas Nacionales y Parlamentarios y Parlamentarias del Mercosur en representaci\u00f3n del Distrito Santa Cruz para el d\u00eda 13 de agosto de 2023.<\/p>\n<p>Otro de los art\u00edculos del Decreto Provincial N\u00b0 497\/23, establece que la elecci\u00f3n de Gobernador\/a y Vicegobernador\/a se efectuar\u00e1 conforme lo dispuesto en el Art\u00edculo 114 de la Constituci\u00f3n de la Provincia y el art\u00edculo 5\u00ba y concordantes de la Ley N\u00ba 2052 (Texto seg\u00fan Ley N\u00ba 3415), normas modificatorias y complementarias. Adem\u00e1s dispone que la Convocatoria dispuesta en el art\u00edculo 1\u00ba se realiza para la elecci\u00f3n de veinticuatro (24) Diputadas\/os Provinciales, diez (10) Diputadas\/os titulares y seis (6) Diputadas\/os Suplentes por el Pueblo de la Provincia en distrito \u00fanico, catorce (14) Diputadas\/os Titulares y catorce (14) Diputadas\/os Suplentes a raz\u00f3n de un titular\u00a0 y\u00a0 un suplente por cada Municipio, por renovaci\u00f3n total de la Honorable Legislatura Provincial. La elecci\u00f3n se regir\u00e1 por los dispositivos de la Ley N\u00ba 2052, art\u00edculo 4\u00ba, 6\u00ba, 9\u00ba, modificatorias y concordantes, texto seg\u00fan Ley N\u00ba 3415 y Ley N\u00ba 3617.-<\/p>\n<p>Por otra parte, dispone\u00a0 que\u00a0\u00a0 la\u00a0 Convocatoria\u00a0\u00a0 efectuada\u00a0 en\u00a0 el\u00a0 art\u00edculo 1\u00ba,\u00a0 se\u00a0 realiza adem\u00e1s para la elecci\u00f3n de un (1) representante titular del Pueblo de la Provincia ante el Consejo de la Magistratura y un (1) suplente, a simple pluralidad de sufragios en los t\u00e9rminos del Art\u00edculo\u00a0 21 Inc. c) de la Ley N\u00ba 2552 y art. 4, Primer p\u00e1rrafo de la Ley N\u00ba 2052, Leyes N\u00ba 3415 y N\u00ba 3617 y modificatorias.- A la vez, establece que lo prescripto mediante el art\u00edculo 3\u00ba del presente, comprende la elecci\u00f3n de tres (3) Senadoras\/es y tres (3) suplentes,\u00a0 dos (2) Diputadas\/os Nacionales y dos (2) suplentes y un (1) Parlamentaria\/o del Mercosur (D.R) y dos (2) suplentes, todos por el distrito Santa Cruz. Tal elecci\u00f3n se regir\u00e1 por el C\u00f3digo Electoral Nacional Ley N\u00ba 19.945, Texto Ordenado mediante Decreto Nacional N\u00ba 2135\/83 y sus\u00a0 modificatorias.-<\/p>\n<p>El decreto tambi\u00e9n fija, la elecci\u00f3n a simple pluralidad de sufragio de conformidad a los art\u00edculos 4\u00ba, 6\u00ba, modificatorias y concordantes de la Ley N\u00ba 2052, de Intendentes Municipales de los siguientes Municipios:<\/p>\n<p>-R\u00edo Gallegos<\/p>\n<p>-Caleta Olivia<\/p>\n<p>-R\u00edo Turbio<\/p>\n<p>-Perito Moreno<\/p>\n<p>-Los Antiguos<\/p>\n<p>-Pico Truncado<\/p>\n<p>-Las Heras<\/p>\n<p>-Puerto Deseado<\/p>\n<p>-Puerto San Juli\u00e1n<\/p>\n<p>-Gobernador Gregores<\/p>\n<p>-El Calafate<\/p>\n<p>-Puerto Santa Cruz<\/p>\n<p>-Comandante Luis Piedra Buena<\/p>\n<p>-28 de Noviembre<\/p>\n<p>&#8211; El Chalt\u00e9n<\/p>\n<p>Y dispone que la convocatoria se realiza para la elecci\u00f3n de siete (7) Concejales Municipales titulares y cuatro (4) Concejales Municipales suplentes para el Municipio de R\u00edo Gallegos; y de cinco (5) Concejales Titulares\u00a0 y tres (03) Concejales Municipales Suplentes para las dem\u00e1s Municipalidades de la Provincia. Tal elecci\u00f3n se regir\u00e1 por los arts. 4\u00ba, 6\u00ba, 9\u00ba de la Ley N\u00ba 2052,\u00a0 modificatorias y concordantes.-<\/p>\n<p>En el mismo instrumento legal se establece la elecci\u00f3n, a simple pluralidad de sufragios de conformidad a los art\u00edculos 4\u00ba, 6\u00ba y concordantes de la Ley N\u00ba 2052 y modificatorias y de los alcances de\u00a0 la Ley N\u00ba 3346, de los Presidentes de las siguientes Comisiones de Fomento:<\/p>\n<p>-Ca\u00f1ad\u00f3n Seco<\/p>\n<p>-Jaramillo y Fitz\u00a0 Roy<\/p>\n<p>-Lago Posadas<\/p>\n<p>-Nuestra Se\u00f1ora de Los Dolores de Koluel Kaike<\/p>\n<p>-Tres Lagos<\/p>\n<p>En el instrumento legal que lleva la firma de la Gobernadora se deja establecido que las elecciones se realizar\u00e1n utilizando el Registro Nacional de Electores del distrito, y el registro de Electores Extranjeros &#8211; de resultar pertinente-\u00a0 bajo las mismas autoridades del comicio.- De igual modo, se establece como fecha de juramento de los electos Gobernador\/a\u00a0 y Vicegobernador\/a el d\u00eda 10 de diciembre de 2023.<\/p>\n<p>A los efectos de la toma del juramento, se convoca a la Honorable C\u00e1mara de Diputados de la Provincia de Santa Cruz\u00a0 para el d\u00eda indicado, debiendo \u00e9sta reunirse en sesi\u00f3n preparatoria en fecha anterior a aquella conforme su reglamento interno, a fin de determinar la validez de los t\u00edtulos de los electos, tomarle juramento y elegir sus autoridades. Cumplido esto, aquellos se incorporar\u00e1n a sus respectivos cargos, previo al juramento el d\u00eda 10 de diciembre del corriente a\u00f1o.-<\/p>\n<p>Finalmente, el mismo deja establecida como fecha de juramento de los Intendentes\/as electos, el d\u00eda 10 de diciembre de 2023, debiendo cumplimentarse lo previsto en la Ley N\u00ba 55, modificatorias y concordantes. En los Concejos Deliberantes de cada Municipio de la Provincia, sus Concejales Municipales electos, celebrar\u00e1n reuniones preparatorias el d\u00eda 09 de diciembre de 2023 para determinar la validez de los t\u00edtulos y elecci\u00f3n de autoridades. Y como fecha de juramento y puesta en funciones de los Sres. Presidentes\/as de las Comisiones de Fomento se\u00f1aladas en el art\u00edculo 10\u00ba del presente Decreto, el d\u00eda 10 de diciembre de 2023, conforme lo dispuesto por el art. 83 de la Ley N\u00ba 55 y normas modificatorias. \u2013<\/p>\n<p><strong>Fuente: AMA Santa Cruz<\/strong><\/p>\n<\/div>\n","protected":false},"excerpt":{"rendered":"<p>La gobernadora Alicia Kirchner firm\u00f3 el Decreto Provincial N\u00b0 497\/23, a trav\u00e9s del cual se convoca a elecciones en dos<\/p>\n","protected":false},"author":8,"featured_media":1240,"comment_status":"open","ping_status":"closed","sticky":false,"template":"","format":"standard","meta":{"footnotes":""},"categories":[33],"tags":[],"class_list":["post-1239","post","type-post","status-publish","format-standard","has-post-thumbnail","hentry","category-politica"],"_links":{"self":[{"href":"https:\/\/ecosdelsur.com\/index.php?rest_route=\/wp\/v2\/posts\/1239","targetHints":{"allow":["GET"]}}],"collection":[{"href":"https:\/\/ecosdelsur.com\/index.php?rest_route=\/wp\/v2\/posts"}],"about":[{"href":"https:\/\/ecosdelsur.com\/index.php?rest_route=\/wp\/v2\/types\/post"}],"author":[{"embeddable":true,"href":"https:\/\/ecosdelsur.com\/index.php?rest_route=\/wp\/v2\/users\/8"}],"replies":[{"embeddable":true,"href":"https:\/\/ecosdelsur.com\/index.php?rest_route=%2Fwp%2Fv2%2Fcomments&post=1239"}],"version-history":[{"count":0,"href":"https:\/\/ecosdelsur.com\/index.php?rest_route=\/wp\/v2\/posts\/1239\/revisions"}],"wp:featuredmedia":[{"embeddable":true,"href":"https:\/\/ecosdelsur.com\/index.php?rest_route=\/wp\/v2\/media\/1240"}],"wp:attachment":[{"href":"https:\/\/ecosdelsur.com\/index.php?rest_route=%2Fwp%2Fv2%2Fmedia&parent=1239"}],"wp:term":[{"taxonomy":"category","embeddable":true,"href":"https:\/\/ecosdelsur.com\/index.php?rest_route=%2Fwp%2Fv2%2Fcategories&post=1239"},{"taxonomy":"post_tag","embeddable":true,"href":"https:\/\/ecosdelsur.com\/index.php?rest_route=%2Fwp%2Fv2%2Ftags&post=1239"}],"curies":[{"name":"wp","href":"https:\/\/api.w.org\/{rel}","templated":true}]}}