{"id":1234,"date":"2023-05-11T17:55:18","date_gmt":"2023-05-11T17:55:18","guid":{"rendered":"https:\/\/ecosdelsur.com\/?p=1234"},"modified":"2023-05-11T17:55:18","modified_gmt":"2023-05-11T17:55:18","slug":"santa-cruz-incluye-la-importancia-de-articular-acciones-para-el-crecimiento-de-emprendimientos-en-la-provincia","status":"publish","type":"post","link":"https:\/\/ecosdelsur.com\/?p=1234","title":{"rendered":"\u201cSanta Cruz Incluye\u201d: La importancia de articular acciones para el crecimiento de emprendimientos en la provincia"},"content":{"rendered":"<div><img decoding=\"async\" class=\"alignnone size-medium wp-image-1236 lazyload\" data-src=\"https:\/\/ecosdelsur.com\/wp-content\/uploads\/2023\/05\/20230510_AK_ENTREGA_EMPRENDEDORES__43_de_56-300x179.jpg\" alt=\"\" width=\"300\" height=\"179\" data-srcset=\"https:\/\/ecosdelsur.com\/wp-content\/uploads\/2023\/05\/20230510_AK_ENTREGA_EMPRENDEDORES__43_de_56-300x179.jpg 300w, https:\/\/ecosdelsur.com\/wp-content\/uploads\/2023\/05\/20230510_AK_ENTREGA_EMPRENDEDORES__43_de_56-768x458.jpg 768w, https:\/\/ecosdelsur.com\/wp-content\/uploads\/2023\/05\/20230510_AK_ENTREGA_EMPRENDEDORES__43_de_56.jpg 800w\" data-sizes=\"(max-width: 300px) 100vw, 300px\" src=\"data:image\/svg+xml;base64,PHN2ZyB3aWR0aD0iMSIgaGVpZ2h0PSIxIiB4bWxucz0iaHR0cDovL3d3dy53My5vcmcvMjAwMC9zdmciPjwvc3ZnPg==\" style=\"--smush-placeholder-width: 300px; --smush-placeholder-aspect-ratio: 300\/179;\" \/> <img decoding=\"async\" class=\"alignnone size-medium wp-image-1237 lazyload\" data-src=\"https:\/\/ecosdelsur.com\/wp-content\/uploads\/2023\/05\/20230510_AK_ENTREGA_EMPRENDEDORES__49_de_56-300x176.jpg\" alt=\"\" width=\"300\" height=\"176\" data-srcset=\"https:\/\/ecosdelsur.com\/wp-content\/uploads\/2023\/05\/20230510_AK_ENTREGA_EMPRENDEDORES__49_de_56-300x176.jpg 300w, https:\/\/ecosdelsur.com\/wp-content\/uploads\/2023\/05\/20230510_AK_ENTREGA_EMPRENDEDORES__49_de_56-768x450.jpg 768w, https:\/\/ecosdelsur.com\/wp-content\/uploads\/2023\/05\/20230510_AK_ENTREGA_EMPRENDEDORES__49_de_56.jpg 800w\" data-sizes=\"(max-width: 300px) 100vw, 300px\" src=\"data:image\/svg+xml;base64,PHN2ZyB3aWR0aD0iMSIgaGVpZ2h0PSIxIiB4bWxucz0iaHR0cDovL3d3dy53My5vcmcvMjAwMC9zdmciPjwvc3ZnPg==\" style=\"--smush-placeholder-width: 300px; --smush-placeholder-aspect-ratio: 300\/176;\" \/><\/div>\n<div><\/div>\n<div class=\"itemIntroText\">En esta jornada, el Gobierno Provincial llev\u00f3 adelante la entrega de equipamiento destinado a emprendimientos de R\u00edo Gallegos, 28 de Noviembre y Pico Truncado. La misma se concret\u00f3 en el marco del programa \u201cSanta Cruz Incluye\u201d.<\/div>\n<div class=\"itemFullText\">\n<p>El acto de entrega fue encabezado por la gobernadora Alicia Kirchner, quien fue acompa\u00f1ada por las ministras de Desarrollo Social, Bel\u00e9n Garc\u00eda; y de Producci\u00f3n, Comercio e Industria, Silvina C\u00f3rdoba. En ese marco, ambas funcionarias se dirigieron a los presentes.<\/p>\n<p>\u201cSiempre decimos que la puerta de entrada de los emprendimientos suele ser desde Desarrollo Social y despu\u00e9s cuando vemos que se gener\u00f3 un volumen de trabajo, pasan a formar parte de los proyectos que acompa\u00f1a el Ministerio de la Producci\u00f3n, Comercio e Industria\u201d, expres\u00f3 la Titular de la Cartera de Desarrollo Social de la provincia. A la vez, manifest\u00f3 que es un orgullo ayudar a los emprendedores y emprendedoras en este camino. \u201cEn esto la articulaci\u00f3n es fundamental\u201d, remarc\u00f3.<\/p>\n<p>Por su parte, la ministra de la Producci\u00f3n, Comercio e Industria, Silvina C\u00f3rdoba, indic\u00f3 que desde el Gobierno Provincial se entiende al emprendedurismo como una primera etapa sobre la cual despu\u00e9s hay que generar mayores oportunidades. \u201cTrabajamos de manera conjunta con el Ministerio de Desarrollo Social. De hecho, en Sabores Santacruce\u00f1os, una de las pol\u00edticas p\u00fablicas que tenemos desde hace a\u00f1o, mayor\u00eda de los emprendedores han estado primero en Desarrollo Social y despu\u00e9s en la medida de las posibilidades y traslados, forman parte de la misma. Entendemos que las ferias que realizan ambos ministerios en conjunto con las municipalidades, nos ayudan a mostrar tal cual lo pide la Gobernadora, todo lo que tenemos los santacruce\u00f1os no solo lo que se hace en materia de producci\u00f3n y emprendedores, sino que tiene que ver con nuestra propia identidad\u201d, explic\u00f3. En ese sentido, agreg\u00f3 que \u201ccomo provincia tenemos muchas cosas buenas y eso hay que difundir en los j\u00f3venes y hay que seguir trabajando\u201d.<\/p>\n<p>\u201cEn ese marco, tenemos un programa especifico con el Ministerio de Desarrollo Social que se llama \u201cCien Oportunidades\u201d, que tiene que ver con potenciar a 100 emprendedores para que den ese paso de calidad\u201d, consider\u00f3 C\u00f3rdoba.<\/p>\n<p><strong>Fuente: AMA Santa Cruz<\/strong><\/p>\n<\/div>\n","protected":false},"excerpt":{"rendered":"<p>En esta jornada, el Gobierno Provincial llev\u00f3 adelante la entrega de equipamiento destinado a emprendimientos de R\u00edo Gallegos, 28 de<\/p>\n","protected":false},"author":8,"featured_media":1235,"comment_status":"open","ping_status":"closed","sticky":false,"template":"","format":"standard","meta":{"footnotes":""},"categories":[35],"tags":[],"class_list":["post-1234","post","type-post","status-publish","format-standard","has-post-thumbnail","hentry","category-sociedad"],"_links":{"self":[{"href":"https:\/\/ecosdelsur.com\/index.php?rest_route=\/wp\/v2\/posts\/1234","targetHints":{"allow":["GET"]}}],"collection":[{"href":"https:\/\/ecosdelsur.com\/index.php?rest_route=\/wp\/v2\/posts"}],"about":[{"href":"https:\/\/ecosdelsur.com\/index.php?rest_route=\/wp\/v2\/types\/post"}],"author":[{"embeddable":true,"href":"https:\/\/ecosdelsur.com\/index.php?rest_route=\/wp\/v2\/users\/8"}],"replies":[{"embeddable":true,"href":"https:\/\/ecosdelsur.com\/index.php?rest_route=%2Fwp%2Fv2%2Fcomments&post=1234"}],"version-history":[{"count":0,"href":"https:\/\/ecosdelsur.com\/index.php?rest_route=\/wp\/v2\/posts\/1234\/revisions"}],"wp:featuredmedia":[{"embeddable":true,"href":"https:\/\/ecosdelsur.com\/index.php?rest_route=\/wp\/v2\/media\/1235"}],"wp:attachment":[{"href":"https:\/\/ecosdelsur.com\/index.php?rest_route=%2Fwp%2Fv2%2Fmedia&parent=1234"}],"wp:term":[{"taxonomy":"category","embeddable":true,"href":"https:\/\/ecosdelsur.com\/index.php?rest_route=%2Fwp%2Fv2%2Fcategories&post=1234"},{"taxonomy":"post_tag","embeddable":true,"href":"https:\/\/ecosdelsur.com\/index.php?rest_route=%2Fwp%2Fv2%2Ftags&post=1234"}],"curies":[{"name":"wp","href":"https:\/\/api.w.org\/{rel}","templated":true}]}}