{"id":1229,"date":"2023-05-11T17:46:12","date_gmt":"2023-05-11T17:46:12","guid":{"rendered":"https:\/\/ecosdelsur.com\/?p=1229"},"modified":"2023-05-11T17:47:50","modified_gmt":"2023-05-11T17:47:50","slug":"diputado-oliva-el-futuro-del-agua-no-es-ni-debe-ser-una-discusion-partidaria","status":"publish","type":"post","link":"https:\/\/ecosdelsur.com\/?p=1229","title":{"rendered":"Diputado Oliva: \u201cEl futuro del agua no es ni debe ser una discusi\u00f3n partidaria\u201d"},"content":{"rendered":"<p class=\"yiv2031507795MsoNormal\"><i>As\u00ed lo se\u00f1al\u00f3 el legislador de Encuentro Ciudadano, quien busca avanzar con la Propuesta Integral Agua Sustentable, \u201cuna revisi\u00f3n integral del proyecto del Acueducto del lago Buenos Aires que lo hace m\u00e1s viable\u201d. Plante\u00f3 la necesidad de \u201cabordar el problema en el Parlamento Patag\u00f3nico, pero el oficialismo no apoy\u00f3 la iniciativa\u201d.<\/i><\/p>\n<p class=\"yiv2031507795MsoNormal\">\u201cEl problema del agua no es ni debe ser una discusi\u00f3n partidaria sino que debe ser pensado y proyectado de manera estrat\u00e9gica\u201d, se\u00f1al\u00f3 el diputado provincial Gabriel \u2018Faty\u2019 Oliva, de Encuentro Ciudadano. Es importante destacar que el legislador viene abordando la problem\u00e1tica del agua en diferentes l\u00edneas de trabajo.<\/p>\n<p class=\"yiv2031507795MsoNormal\">Esta semana, por pedido de Oliva se envi\u00f3 desde la Legislatura una solicitud al Ministerio de Econom\u00eda y a Servicios P\u00fablicos, a fin de que ambos entes de gobierno den su parecer sobre la Propuesta Integral \u201cAgua Sustentable\u201d, un trabajo que el diputado realiz\u00f3 junto a un equipo de profesionales a lo largo de un a\u00f1o.<\/p>\n<p class=\"yiv2031507795MsoNormal\"><b>\u2018ES IMPORTANTE CONOCER LA POSTURA DEL PODER EJECUTIVO SOBRE ESTE PROYECTO\u2019<\/b><\/p>\n<p class=\"yiv2031507795MsoNormal\">\u201cEn marzo me reun\u00ed con el ministro de Econom\u00eda y con el titular de Servicios P\u00fablicos y all\u00ed les present\u00e9 y acerqu\u00e9 una copia de este plan integral que propone un replanteo de una obra de infraestructura que es muy necesaria, como lo es el proyecto del Acueducto del lago Buenos Aires, que dar\u00eda una respuesta al problema serio del agua en el norte de Santa Cruz y sur de Chubut\u201d, detall\u00f3.<\/p>\n<p class=\"yiv2031507795MsoNormal\">\u201cAmbos funcionarios recibieron la propuesta con muy buena predisposici\u00f3n y lo que hacemos ahora desde la Legislatura es pedirles una opini\u00f3n formal, por v\u00edas institucionales\u201d, aclar\u00f3.<\/p>\n<p class=\"yiv2031507795MsoNormal\"><b>\u2018ES NECESARIO ABORDAR EL PROBLEMA DEL AGUA EN EL PARLAMENTO PATAG\u00d3NICO\u2019<\/b><\/p>\n<p class=\"yiv2031507795MsoNormal\">Por otra parte, desde Encuentro Ciudadano buscan que la propuesta sea abordada en el Parlamento Patag\u00f3nico, puesto que la problem\u00e1tica es com\u00fan a Chubut y Santa Cruz. Para ello, Oliva present\u00f3 dos proyectos que primero deber\u00edan ser aprobados en la Legislatura Provincial para luego llegar a la instancia regional, pero no cuentan con el apoyo del oficialismo.<\/p>\n<p class=\"yiv2031507795MsoNormal\">\u201cHoy mismo pedimos el tratamiento de uno de nuestros proyectos para que vaya a la sesi\u00f3n del Parlamento Patag\u00f3nico que ser\u00e1 en diez d\u00edas, pero no contamos con el apoyo del Frente de Todos\u201d, advirtieron.<\/p>\n<p class=\"yiv2031507795MsoNormal\"><b>LA PRESENTACI\u00d3N DE \u2018AGUA SUSTENTABLE\u2019 EN EL NORTE PROVINCIAL<\/b><\/p>\n<p class=\"yiv2031507795MsoNormal\">\u201cEl problema del agua, que ser\u00e1 de enormes dimensiones en el futuro cercano, es un tema que hay que explicar y hay que discutir. Con ese esp\u00edritu realizamos las charlas abiertas donde presentamos nuestro trabajo de revisi\u00f3n del Acueducto del lago Buenos Aires\u201d, precis\u00f3 Oliva. En ese contexto, se\u00f1al\u00f3 que \u201cla jornada realizada junto a la comunidad en Perito Moreno\u00a0estuvo muy bien, con mucha participaci\u00f3n, y pudimos compartir preocupaciones y certezas comunes\u201d.<\/p>\n<p class=\"yiv2031507795MsoNormal\">Por otra parte, detall\u00f3 que \u201ca trav\u00e9s del concejal radical Mat\u00edas Treppo presentamos la propuesta en el Concejo Deliberante, donde nos recibieron dos concejales del Frente de Todos, Alejandra Burgos y Daniel Fern\u00e1ndez, y el diputado por el Pueblo Guillermo Bilardo. Conversamos de manera extensa y desde ya que agradecemos esa predisposici\u00f3n\u201d.<\/p>\n<p class=\"yiv2031507795MsoNormal\"><b>\u2018LA PARTICIPACI\u00d3N DEMOCR\u00c1TICA FACILITA LAS COSAS\u2019<\/b><\/p>\n<p class=\"yiv2031507795MsoNormal\">Adem\u00e1s de hacerlo Perito Moreno, el diputado de Encuentro Ciudadano realiz\u00f3 la presentaci\u00f3n de esta propuesta en Caleta Olivia a comienzos de abril. \u201cTodos tenemos que ser parte de la discusi\u00f3n y no esperar soluciones m\u00e1gicas. Por eso es importante que cada localidad se apropie del tema, que lo haga a trav\u00e9s de su comunidad, sus representantes y sus instituciones, para que hagan su aporte que ser\u00e1 fundamental cuando se aborden las alternativas al problema del agua\u201d, concluy\u00f3.<\/p>\n","protected":false},"excerpt":{"rendered":"<p>As\u00ed lo se\u00f1al\u00f3 el legislador de Encuentro Ciudadano, quien busca avanzar con la Propuesta Integral Agua Sustentable, \u201cuna revisi\u00f3n integral<\/p>\n","protected":false},"author":8,"featured_media":1230,"comment_status":"open","ping_status":"closed","sticky":false,"template":"","format":"standard","meta":{"footnotes":""},"categories":[33],"tags":[],"class_list":["post-1229","post","type-post","status-publish","format-standard","has-post-thumbnail","hentry","category-politica"],"_links":{"self":[{"href":"https:\/\/ecosdelsur.com\/index.php?rest_route=\/wp\/v2\/posts\/1229","targetHints":{"allow":["GET"]}}],"collection":[{"href":"https:\/\/ecosdelsur.com\/index.php?rest_route=\/wp\/v2\/posts"}],"about":[{"href":"https:\/\/ecosdelsur.com\/index.php?rest_route=\/wp\/v2\/types\/post"}],"author":[{"embeddable":true,"href":"https:\/\/ecosdelsur.com\/index.php?rest_route=\/wp\/v2\/users\/8"}],"replies":[{"embeddable":true,"href":"https:\/\/ecosdelsur.com\/index.php?rest_route=%2Fwp%2Fv2%2Fcomments&post=1229"}],"version-history":[{"count":0,"href":"https:\/\/ecosdelsur.com\/index.php?rest_route=\/wp\/v2\/posts\/1229\/revisions"}],"wp:featuredmedia":[{"embeddable":true,"href":"https:\/\/ecosdelsur.com\/index.php?rest_route=\/wp\/v2\/media\/1230"}],"wp:attachment":[{"href":"https:\/\/ecosdelsur.com\/index.php?rest_route=%2Fwp%2Fv2%2Fmedia&parent=1229"}],"wp:term":[{"taxonomy":"category","embeddable":true,"href":"https:\/\/ecosdelsur.com\/index.php?rest_route=%2Fwp%2Fv2%2Fcategories&post=1229"},{"taxonomy":"post_tag","embeddable":true,"href":"https:\/\/ecosdelsur.com\/index.php?rest_route=%2Fwp%2Fv2%2Ftags&post=1229"}],"curies":[{"name":"wp","href":"https:\/\/api.w.org\/{rel}","templated":true}]}}