{"id":1224,"date":"2023-05-11T17:41:47","date_gmt":"2023-05-11T17:41:47","guid":{"rendered":"https:\/\/ecosdelsur.com\/?p=1224"},"modified":"2023-05-11T17:42:14","modified_gmt":"2023-05-11T17:42:14","slug":"cotillo-esto-es-un-paso-mas-para-que-los-vecinos-puedan-concretar-el-sueno-de-la-casa-propia","status":"publish","type":"post","link":"https:\/\/ecosdelsur.com\/?p=1224","title":{"rendered":"Cotillo: \u201cEsto es un paso m\u00e1s para que los vecinos puedan concretar el sue\u00f1o de la casa propia\u201d \u00a0"},"content":{"rendered":"<p class=\"yiv2514755683MsoNormal\"><img decoding=\"async\" class=\"size-medium wp-image-1226 aligncenter lazyload\" data-src=\"https:\/\/ecosdelsur.com\/wp-content\/uploads\/2023\/05\/Panoramica-300x162.jpeg\" alt=\"\" width=\"300\" height=\"162\" data-srcset=\"https:\/\/ecosdelsur.com\/wp-content\/uploads\/2023\/05\/Panoramica-300x162.jpeg 300w, https:\/\/ecosdelsur.com\/wp-content\/uploads\/2023\/05\/Panoramica.jpeg 640w\" data-sizes=\"(max-width: 300px) 100vw, 300px\" src=\"data:image\/svg+xml;base64,PHN2ZyB3aWR0aD0iMSIgaGVpZ2h0PSIxIiB4bWxucz0iaHR0cDovL3d3dy53My5vcmcvMjAwMC9zdmciPjwvc3ZnPg==\" style=\"--smush-placeholder-width: 300px; --smush-placeholder-aspect-ratio: 300\/162;\" \/><\/p>\n<p class=\"yiv2514755683MsoNormal\"><i><span class=\"yiv2514755683ContentPasted0\">En un nuevo acto en el SUM del Centro Cultural Caleta Olivia, el Intendente Fernando Cotillo junto a miembros de la Comisi\u00f3n de Tierras y el Gabinete Municipal, celebr\u00f3 que en lo que va del a\u00f1o, 140 familias obtuvieron T\u00edtulos de Propiedad y la Adjudicaci\u00f3n de Terrenos Fiscales. \u00a0<\/span><\/i><\/p>\n<p class=\"yiv2514755683MsoNormal\"><i>\u00a0<\/i><span class=\"yiv2514755683ContentPasted0\">Asimismo, se suman m\u00e1s de 1000 parcelas entregadas a los caletenses,\u00a0<b><i class=\"yiv2514755683ContentPasted0\">\u201cesto es una tarea que nos demand\u00f3 tiempo y esfuerzo, y que permite continuar planificando para seguir logrando la ciudad que queremos\u201d,<\/i><\/b>\u00a0expres\u00f3 el Intendente en su discurso. \u00a0<\/span><\/p>\n<p class=\"yiv2514755683MsoNormal\"><b><i><span class=\"yiv2514755683ContentPasted0\">\u201cSabemos que hay muchos terrenos que est\u00e1n en condiciones de ser caducados, que por diversas razones no se pudo construir. Esto lleva un trabajo que no es f\u00e1cil, pero con gesti\u00f3n se logra y es por eso que hoy m\u00e1s de mil familias disfrutan de su lugar\u201d,<\/span><\/i><\/b><span class=\"yiv2514755683ContentPasted0\">\u00a0remarc\u00f3. \u00a0<\/span><\/p>\n<p class=\"yiv2514755683MsoNormal\"><b><span class=\"yiv2514755683ContentPasted0\">Adjudicatarios: \u201cEstamos felices de cumplir nuestro sue\u00f1o de un lugar propio\u201d \u00a0<\/span><\/b><\/p>\n<p class=\"yiv2514755683MsoNormal\"><b>\u00a0<\/b><span class=\"yiv2514755683ContentPasted0\">Los ciudadanos que obtuvieron su adjudicaci\u00f3n expresaron su alegr\u00eda y destacaron la labor del \u00e1rea de Tierras,\u00a0<b><i class=\"yiv2514755683ContentPasted0\">\u201cinstamos a los vecinos que tienen dudas o piensan que es engorroso realizar un expediente, queremos que sepan que el tr\u00e1mite es muy sencillo y el personal te ayuda en todo\u201d.<\/i><\/b>\u00a0\u00a0<\/span><\/p>\n<p class=\"yiv2514755683MsoNormal\"><b><span class=\"yiv2514755683ContentPasted0\">\u201cLleg\u00f3 muy pronto\u201d \u00a0<\/span><\/b><\/p>\n<p class=\"yiv2514755683MsoNormal\"><b>\u00a0<\/b><span class=\"yiv2514755683ContentPasted0\">Celeste, una joven caletense quien esta pronta a ser mam\u00e1, coment\u00f3:\u00a0<b><i class=\"yiv2514755683ContentPasted0\">\u201cSoy nacida y criada en Caleta Olivia, mi sue\u00f1o de tener una casa es de hace mucho tiempo, estoy muy agradecida y emocionada porque me llega justo con mi bebe\u201d.<\/i><\/b>\u00a0\u00a0<\/span><\/p>\n<p class=\"yiv2514755683MsoNormal\"><span class=\"yiv2514755683ContentPasted0\">De esta manera, gracias a la labor del personal de la Direcci\u00f3n de Tierras, que acompa\u00f1an a los vecinos en el transcurso de completar su expediente, desde el municipio, a trav\u00e9s de la Secretar\u00eda de Planificaci\u00f3n Urbana dieron un nuevo avance en la entrega de los instrumentos legales. \u00a0<\/span><\/p>\n","protected":false},"excerpt":{"rendered":"<p>En un nuevo acto en el SUM del Centro Cultural Caleta Olivia, el Intendente Fernando Cotillo junto a miembros de<\/p>\n","protected":false},"author":8,"featured_media":1225,"comment_status":"open","ping_status":"closed","sticky":false,"template":"","format":"standard","meta":{"footnotes":""},"categories":[35],"tags":[],"class_list":["post-1224","post","type-post","status-publish","format-standard","has-post-thumbnail","hentry","category-sociedad"],"_links":{"self":[{"href":"https:\/\/ecosdelsur.com\/index.php?rest_route=\/wp\/v2\/posts\/1224","targetHints":{"allow":["GET"]}}],"collection":[{"href":"https:\/\/ecosdelsur.com\/index.php?rest_route=\/wp\/v2\/posts"}],"about":[{"href":"https:\/\/ecosdelsur.com\/index.php?rest_route=\/wp\/v2\/types\/post"}],"author":[{"embeddable":true,"href":"https:\/\/ecosdelsur.com\/index.php?rest_route=\/wp\/v2\/users\/8"}],"replies":[{"embeddable":true,"href":"https:\/\/ecosdelsur.com\/index.php?rest_route=%2Fwp%2Fv2%2Fcomments&post=1224"}],"version-history":[{"count":0,"href":"https:\/\/ecosdelsur.com\/index.php?rest_route=\/wp\/v2\/posts\/1224\/revisions"}],"wp:featuredmedia":[{"embeddable":true,"href":"https:\/\/ecosdelsur.com\/index.php?rest_route=\/wp\/v2\/media\/1225"}],"wp:attachment":[{"href":"https:\/\/ecosdelsur.com\/index.php?rest_route=%2Fwp%2Fv2%2Fmedia&parent=1224"}],"wp:term":[{"taxonomy":"category","embeddable":true,"href":"https:\/\/ecosdelsur.com\/index.php?rest_route=%2Fwp%2Fv2%2Fcategories&post=1224"},{"taxonomy":"post_tag","embeddable":true,"href":"https:\/\/ecosdelsur.com\/index.php?rest_route=%2Fwp%2Fv2%2Ftags&post=1224"}],"curies":[{"name":"wp","href":"https:\/\/api.w.org\/{rel}","templated":true}]}}