{"id":1217,"date":"2023-05-11T17:33:59","date_gmt":"2023-05-11T17:33:59","guid":{"rendered":"https:\/\/ecosdelsur.com\/?p=1217"},"modified":"2023-05-11T17:37:19","modified_gmt":"2023-05-11T17:37:19","slug":"comenzo-el-2-foro-de-transicion-energetica-con-importantes-referentes-de-la-materia-en-el-pais","status":"publish","type":"post","link":"https:\/\/ecosdelsur.com\/?p=1217","title":{"rendered":"Comenz\u00f3 el 2\u00b0 Foro de Transici\u00f3n Energ\u00e9tica con importantes referentes de la materia en el pa\u00eds"},"content":{"rendered":"<p><img decoding=\"async\" class=\"alignnone size-medium wp-image-1219 lazyload\" data-src=\"https:\/\/ecosdelsur.com\/wp-content\/uploads\/2023\/05\/WhatsApp_Image_2023-05-11_at_11.52.13_2-300x161.jpeg\" alt=\"\" width=\"300\" height=\"161\" data-srcset=\"https:\/\/ecosdelsur.com\/wp-content\/uploads\/2023\/05\/WhatsApp_Image_2023-05-11_at_11.52.13_2-300x161.jpeg 300w, https:\/\/ecosdelsur.com\/wp-content\/uploads\/2023\/05\/WhatsApp_Image_2023-05-11_at_11.52.13_2.jpeg 640w\" data-sizes=\"(max-width: 300px) 100vw, 300px\" src=\"data:image\/svg+xml;base64,PHN2ZyB3aWR0aD0iMSIgaGVpZ2h0PSIxIiB4bWxucz0iaHR0cDovL3d3dy53My5vcmcvMjAwMC9zdmciPjwvc3ZnPg==\" style=\"--smush-placeholder-width: 300px; --smush-placeholder-aspect-ratio: 300\/161;\" \/> <img decoding=\"async\" class=\"alignnone size-medium wp-image-1220 lazyload\" data-src=\"https:\/\/ecosdelsur.com\/wp-content\/uploads\/2023\/05\/WhatsApp_Image_2023-05-11_at_11.52.13_4-300x178.jpeg\" alt=\"\" width=\"300\" height=\"178\" data-srcset=\"https:\/\/ecosdelsur.com\/wp-content\/uploads\/2023\/05\/WhatsApp_Image_2023-05-11_at_11.52.13_4-300x178.jpeg 300w, https:\/\/ecosdelsur.com\/wp-content\/uploads\/2023\/05\/WhatsApp_Image_2023-05-11_at_11.52.13_4.jpeg 640w\" data-sizes=\"(max-width: 300px) 100vw, 300px\" src=\"data:image\/svg+xml;base64,PHN2ZyB3aWR0aD0iMSIgaGVpZ2h0PSIxIiB4bWxucz0iaHR0cDovL3d3dy53My5vcmcvMjAwMC9zdmciPjwvc3ZnPg==\" style=\"--smush-placeholder-width: 300px; --smush-placeholder-aspect-ratio: 300\/178;\" \/><\/p>\n<p>La gobernadora Alicia Kirchner dejo inaugurado este jueves en el Complejo Cultural Santa Cruz de R\u00edo Gallegos, el 2\u00b0 Foro de Transici\u00f3n Energ\u00e9tica, en el cual exponen especialistas del \u00e1rea y algunos funcionarios de renombre a nivel nacional.<\/p>\n<p>Entre los disertantes se encuentran la secretaria de Energ\u00eda de Naci\u00f3n, Flavia Roy\u00f3n y el ministro de Ciencia, Tecnolog\u00eda e Innovaci\u00f3n Productiva de la Naci\u00f3n, Daniel Filmus.<\/p>\n<p>Las charlas comenzaron a las 9:30 con una tem\u00e1tica sobre \u201cplanes estrat\u00e9gicos energ\u00e9ticos, recursos predominantes, visi\u00f3n a futuro y proyecto de inversi\u00f3n de las provincias de Chubut, Tierra del Fuego, La Pampa, Salta y Formosa\u201d.<\/p>\n<p>Luego, otro grupo de especialistas puso en debate el tema \u201chidrocarburos en la transici\u00f3n energ\u00e9tica. Importancia de Palermo Aike\/D129; dDesaf\u00edos de la industria en el contexto global y planificaci\u00f3n estrat\u00e9gica energ\u00e9tica federal\u201d.<\/p>\n<p>La apertura oficial se realiz\u00f3 poco despu\u00e9s del mediod\u00eda y estaba previsto que las exposiciones se reanudaran a las 15:00 con tres tem\u00e1ticas referidas espec\u00edficamente a la provincia de Santa Cruz<\/p>\n<p>Evento seguir\u00e1 ma\u00f1ana con los dos \u00faltimos temas a debatir junto a la Exposici\u00f3n Rupae impulsada por el Ministerio de Producci\u00f3n, Comercio e Industria de la provincia.<\/p>\n","protected":false},"excerpt":{"rendered":"<p>La gobernadora Alicia Kirchner dejo inaugurado este jueves en el Complejo Cultural Santa Cruz de R\u00edo Gallegos, el 2\u00b0 Foro<\/p>\n","protected":false},"author":8,"featured_media":1221,"comment_status":"open","ping_status":"closed","sticky":false,"template":"","format":"standard","meta":{"footnotes":""},"categories":[33],"tags":[],"class_list":["post-1217","post","type-post","status-publish","format-standard","has-post-thumbnail","hentry","category-politica"],"_links":{"self":[{"href":"https:\/\/ecosdelsur.com\/index.php?rest_route=\/wp\/v2\/posts\/1217","targetHints":{"allow":["GET"]}}],"collection":[{"href":"https:\/\/ecosdelsur.com\/index.php?rest_route=\/wp\/v2\/posts"}],"about":[{"href":"https:\/\/ecosdelsur.com\/index.php?rest_route=\/wp\/v2\/types\/post"}],"author":[{"embeddable":true,"href":"https:\/\/ecosdelsur.com\/index.php?rest_route=\/wp\/v2\/users\/8"}],"replies":[{"embeddable":true,"href":"https:\/\/ecosdelsur.com\/index.php?rest_route=%2Fwp%2Fv2%2Fcomments&post=1217"}],"version-history":[{"count":0,"href":"https:\/\/ecosdelsur.com\/index.php?rest_route=\/wp\/v2\/posts\/1217\/revisions"}],"wp:featuredmedia":[{"embeddable":true,"href":"https:\/\/ecosdelsur.com\/index.php?rest_route=\/wp\/v2\/media\/1221"}],"wp:attachment":[{"href":"https:\/\/ecosdelsur.com\/index.php?rest_route=%2Fwp%2Fv2%2Fmedia&parent=1217"}],"wp:term":[{"taxonomy":"category","embeddable":true,"href":"https:\/\/ecosdelsur.com\/index.php?rest_route=%2Fwp%2Fv2%2Fcategories&post=1217"},{"taxonomy":"post_tag","embeddable":true,"href":"https:\/\/ecosdelsur.com\/index.php?rest_route=%2Fwp%2Fv2%2Ftags&post=1217"}],"curies":[{"name":"wp","href":"https:\/\/api.w.org\/{rel}","templated":true}]}}