{"id":1213,"date":"2023-05-11T05:23:13","date_gmt":"2023-05-11T05:23:13","guid":{"rendered":"https:\/\/ecosdelsur.com\/?p=1213"},"modified":"2023-05-11T05:23:13","modified_gmt":"2023-05-11T05:23:13","slug":"pablo-grasso-para-mi-la-politica-es-un-ordenador-social-para-resolver-problemas-de-la-gente","status":"publish","type":"post","link":"https:\/\/ecosdelsur.com\/?p=1213","title":{"rendered":"Pablo Grasso &#8220;Para mi la pol\u00edtica es un ordenador social para resolver problemas de la gente&#8221;"},"content":{"rendered":"<p>Este lunes 4 de mayo visit\u00f3 los estudios de F.M Ecos del Sur, el intendente de Rio Gallegos, Pablo Grasso, precandidato a gobernado de Santa Cruz, a quien le realiz\u00f3 una entrevista Carmen Castro, conductora del espacio radial, Retazos y Borrones que se emite por la radio.<\/p>\n<p>Donde habl\u00f3 sobre su gesti\u00f3n en el muncicipio y de su proyecto de gobierno para la provincia.<\/p>\n<p>En este contexto fue consultado en relaci\u00f3n las transformaciones que lleva adelante en la ciudad capital, a lo que respondi\u00f3 &#8220;Todos tenemos diferente formaci\u00f3n, disntinta mirada de parte de lo que es la administraci\u00f3n y la construcci\u00f3n de cada ciudad, de nuestra impronta de llevar cada cosa adelante y tambi\u00e9n realiddes contradicctorias, en un punto tenpes algo demasiado grande y al lado de algo que es muy chiquito, digamos en materia econ\u00f3mica, en materia de infraestructura, en materia de igualdad y necesitamos comenzar a acomodar nuestras ciudades que sean todas un complemento, que seamos una sola provincia, que podamo9s tener no unicamente una desentralizaci\u00f3n en lo que es la atenci\u00f3n, sino una presencia distinta. A mi la militancia me apasiona, me gusta recorrer los barrios, estar con la gente, claro que no todas son cosas buenas, que se pueden llegar a decepcionar, pero hay que solucionarlas, ir a buscar el problema, buscar cada una de las inquietudes que se tiene y como ir solucionando cada tema, que son las caracterpisticas que uno trata de imponer en la pol\u00edtica, Decisiones pol\u00edticas para poder resolver diferentes conflictos, diferentes momentos, para poder tener otras acciones con respecto a recetas que han fracasado o a recetas que han funcionado, en el orden nacional, provincial i municipal. Pero la realidad es que cuesta m\u00e1s ahora, en una \u00e9poca eleccionaria, donde uno ve por distintas redes sociales o diciendote cosa cosas lindas o hablando mal del otro, entonces vos lo \u00fanico que haces es administrar recursos de gente que no pertenecen al estado, que el manejo de la cosa p\u00fablica es distinto, que nosotros necesitamos hablar de cara a la gente para resolver sus problemas y que cada uno de los pasos que tenemos que dar, lo tenemos que dar firme, para que con la verdad poder solucionar las diferentes problem\u00e1ticas que hay en Rio Gallegos como en los diferentes puntos de la provincia&#8221;.<\/p>\n<p>C,C- Elegimos le menos malo, lo que menos nos va a desenga\u00f1ar, Pablo?<\/p>\n<p>P.G- Creo que nosotros tenemos que elegir lo mejor. Lo menos malo significa que son todos mediocres. No me considero un mediocre bajo ning\u00fan punto de vista. Por ahi esos comentarios solo apuntan a hablar mal del otro. E lo que generalmente pasa en las campa\u00f1as pol\u00edticas. Que no pas\u00f3 esto, que no pas\u00f3 lo otro, que se robaron todo, que hubiera sido mejor, que hubiera sido mejor lo otro, pero cuando tuvieron la oportunidad de gobernar la chocaron, en Rio Gallegos, Cambiemos la destroz\u00f3. En la ciudad nosotros no solo ten\u00edamos un desfasaje econ\u00f3mico rotundo. Y ahora se disfrazan de asesores de los nuevos dirigentes. Eso es lo que nosotros debemos empezar a direccionar en los trabajos pol\u00edticos que nosotros desarrollamos. Es: qu\u00e9 es lo que queremos hacer, por qu\u00e9 hoy no reflexionamos con nuestros jovenes para poder tener posibilidades de que nos pregunten que es lo que queremos hacer, para que nosotros podamos contar c\u00f3mo podemos resolver el problema, la educaci\u00f3n, por ejemplo, c\u00f3mo queremos resolver el problema de la desocupaci\u00f3n, c\u00f3mo queremos resolver el problema de la diversificaci\u00f3n y distribuci\u00f3n del ingreso de una forma distinta. A d\u00f3nde apuntamos nosotros como provincia, que es lo que queremos con Caleta Olivia desde el gobierno provincial, c\u00f3mo vamos a encarar las diferentes conflictividades sociales, como vamos a resolver que gente este meses con planes sociales y c\u00f3mo los vamos a insertar en el mercado laboral, como nosotros vamos a empezar a comodar la econom\u00eda, que nuestras empresasno compren m\u00e1s afuera, ya sean las que explotan miner\u00eda, per\u00f3leo o pesca. que podamos con la producci\u00f3n de cada ciudad sostener lo que ellos solicitan o demandan y que se puedan, y lo que no, seguiremos comprando afuera. Creo que hay un momento de un clic, decir por ejemplo, explotemos nuestro recurso, pero tambi\u00e9n tengamos nuestras oportunidades, no en regal\u00edas, no que nosotros nos sentemos en la caja para ver c\u00f3mo gotea lo que mas exporta o lo que mayor rentabilidad tiene.<\/p>\n<p>Yo creo que va a poder ser importante poder explicarle a la gente cual es la foma practica, entendible, y de ahi en adelante para las construcciones de lo que debamos, esto es una construcci\u00f3n constante, para mi, desde el primer dia que empec\u00e9 la militancia, hasta hoy, en este momento, haciendo pol\u00edtica, que es lo que queremos hacer, c\u00f3mo lo vamos a llevar adelante, conformar un equipo nuevo, que la gente que nos est\u00e1 escuchando nos cuente qu\u00e9 es lo que quiere para su ciudad, nos cuente que es lo que quiere hacer en cada lugar, asi nosotros podemos ir armando entre todos cuales van a ser las cosas mas urgentes que hay que resolver, para que todos sean escuchados, y ser escuchados no significa que se puedan hacer los millones de cosas que hay por hacer o de las cosas que nos piden.<\/p>\n<p>Ahora busquemos prioridades, cada uno tiene su prioridad, los jovenes las suyas, los adultos mayores otras, el empresario otra, el desocupado, otra, entonces en esa cantidad de problem\u00e1ticas tenemos que tener un plan de gobierno para ir resilviendo y que las cosas vayan mucho mejor para todos. Generar lo mejor, no lo menos malo. Entonces votame a mi que son menos malo que los otros, le diste la posibilidad a ellos, ahora damela a mi.<\/p>\n<p>En relaci\u00f3n a otra mirada sobre la pol\u00edtica expres\u00f3 &#8220;Para mi la pol\u00edtica es un ordenador social para resolver problemas de la gente y para eso hay que trabajar, militar, transpirar, prepararse. No como otros que llegan a la pol\u00edtica para hacer negocios. A los que estan escuchando les decimos y que est\u00e1n esperando una reacci\u00f3n de defensa de los intereses de Santa Cruz. No puede ser que hoy tengamos figuras fuertas en la pol\u00edtica, desde lo ideol\u00f3gico,\u00a0 que les da lo mismo estar en el lugar que esten, estar a la izquierda o a la derecha es lo mismo. No, vos ten\u00e9s que estar del lado de la gente, despu\u00e9s lo electoral lo vas a ir trabajando, pero ten\u00e9s que tener un sentido de pertenencia hacia tu ciudadania y de formaci\u00f3n pol\u00edtica. Saber a d\u00f3nde vamos, saber c\u00f3mo lo vamos a hacer , saber de qu\u00e9 forma transformar la realidad, saber qu\u00e9 vamos hacer con aquella persona que est\u00e1 repodrida de cobrar un plan social y poder tener una inserci\u00f3n laboral. Ahora si nosotros lo \u00fanico que vamos a hacer es meter gente al estado, estamos fritos. Ac\u00e1 hay que generar empleo y no se puede ir a golpear la puerta para que te den curriculum, no eh. Hay que ver cuales son las alternativas. Fortalecer el sistema productivo, poder distribuir de manera distinta el dinero que ingresa o que se invierte fuera de la provincia para poder hacerlo ac\u00e1, con materia prima que nosotros podemos elaborar. con productores de esta ciudad , que hay muchos, poder transforma lo econ\u00f3mico y que Caleta Olivia, sea por ekemplo, un atractivo tur\u00edstico para el avistaje de ballenas. Busquemos lo bueno, no lo malo. Logicamente que hay cosas malas para mostrar en muchos lados, ahora hay que ver que tenmos muchas cosas buenas que nos diferencian del resto de las provincias, con el resto del pais. Entonces eso es lo que tenemos que mostrar. C\u00f3mo nosotros nos huntamos para ser mejores y como elegimos lo mejor, no como elegimos lo menos malo.<\/p>\n<p>Sobre el final de la entrevista hablo sobre su recorrido por la zona norte y dijo que en esta oportunidad solo estuvo en Los Antiguos y en Caleta Olivia donde dialog\u00f3 con vecinos de lagunos barrios, &#8220;fue breve, explic\u00f3, que despu\u00e9s va a San Juli\u00e1n y luego a Rio Gallegos porque esta la feria de miner\u00eda y quiero estar, hay algo muy importante que es el Parque Palermo Aique, que va a ser muy importante poder desarrollarlo y tener m\u00e1s informaci\u00f3n, viene la vicepresidnta del ente para poder charlar con ella y despu\u00e9s, ir\u00e9 a Puerto Deseado, luego vuelvo a Caleta, voy a Pico Truncado, Las Heras, luego vuelvo a Rio Gallegos, despu\u00e9s recorreremos la Cuenca Carbon\u00edfera y finalmente arrancar la campa\u00f1a proselitista y saber c\u00f3mo va ser\u00a0 la forma de elecci\u00f3n<\/p>\n","protected":false},"excerpt":{"rendered":"<p>Este lunes 4 de mayo visit\u00f3 los estudios de F.M Ecos del Sur, el intendente de Rio Gallegos, Pablo Grasso,<\/p>\n","protected":false},"author":8,"featured_media":1214,"comment_status":"open","ping_status":"closed","sticky":false,"template":"","format":"standard","meta":{"footnotes":""},"categories":[1],"tags":[],"class_list":["post-1213","post","type-post","status-publish","format-standard","has-post-thumbnail","hentry","category-uncategorized"],"_links":{"self":[{"href":"https:\/\/ecosdelsur.com\/index.php?rest_route=\/wp\/v2\/posts\/1213","targetHints":{"allow":["GET"]}}],"collection":[{"href":"https:\/\/ecosdelsur.com\/index.php?rest_route=\/wp\/v2\/posts"}],"about":[{"href":"https:\/\/ecosdelsur.com\/index.php?rest_route=\/wp\/v2\/types\/post"}],"author":[{"embeddable":true,"href":"https:\/\/ecosdelsur.com\/index.php?rest_route=\/wp\/v2\/users\/8"}],"replies":[{"embeddable":true,"href":"https:\/\/ecosdelsur.com\/index.php?rest_route=%2Fwp%2Fv2%2Fcomments&post=1213"}],"version-history":[{"count":0,"href":"https:\/\/ecosdelsur.com\/index.php?rest_route=\/wp\/v2\/posts\/1213\/revisions"}],"wp:featuredmedia":[{"embeddable":true,"href":"https:\/\/ecosdelsur.com\/index.php?rest_route=\/wp\/v2\/media\/1214"}],"wp:attachment":[{"href":"https:\/\/ecosdelsur.com\/index.php?rest_route=%2Fwp%2Fv2%2Fmedia&parent=1213"}],"wp:term":[{"taxonomy":"category","embeddable":true,"href":"https:\/\/ecosdelsur.com\/index.php?rest_route=%2Fwp%2Fv2%2Fcategories&post=1213"},{"taxonomy":"post_tag","embeddable":true,"href":"https:\/\/ecosdelsur.com\/index.php?rest_route=%2Fwp%2Fv2%2Ftags&post=1213"}],"curies":[{"name":"wp","href":"https:\/\/api.w.org\/{rel}","templated":true}]}}