{"id":1205,"date":"2023-05-11T05:10:42","date_gmt":"2023-05-11T05:10:42","guid":{"rendered":"https:\/\/ecosdelsur.com\/?p=1205"},"modified":"2023-05-11T05:10:47","modified_gmt":"2023-05-11T05:10:47","slug":"municipio-avanza-con-la-obra-de-embellecimiento-en-espacios-publicos","status":"publish","type":"post","link":"https:\/\/ecosdelsur.com\/?p=1205","title":{"rendered":"Municipio avanza con la obra de embellecimiento en espacios p\u00fablicos\u00a0\u00a0\u00a0\u00a0\u00a0\u00a0\u00a0\u00a0"},"content":{"rendered":"<p class=\"ydp8cf0c5d2yiv4113552345MsoNormal\"><i><span class=\"ydp8cf0c5d2yiv4113552345ContentPasted0\"> <img decoding=\"async\" class=\"alignnone size-medium wp-image-1207 lazyload\" data-src=\"https:\/\/ecosdelsur.com\/wp-content\/uploads\/2023\/05\/DSC_3425-300x180.jpg\" alt=\"\" width=\"300\" height=\"180\" data-srcset=\"https:\/\/ecosdelsur.com\/wp-content\/uploads\/2023\/05\/DSC_3425-300x180.jpg 300w, https:\/\/ecosdelsur.com\/wp-content\/uploads\/2023\/05\/DSC_3425-768x462.jpg 768w, https:\/\/ecosdelsur.com\/wp-content\/uploads\/2023\/05\/DSC_3425.jpg 800w\" data-sizes=\"(max-width: 300px) 100vw, 300px\" src=\"data:image\/svg+xml;base64,PHN2ZyB3aWR0aD0iMSIgaGVpZ2h0PSIxIiB4bWxucz0iaHR0cDovL3d3dy53My5vcmcvMjAwMC9zdmciPjwvc3ZnPg==\" style=\"--smush-placeholder-width: 300px; --smush-placeholder-aspect-ratio: 300\/180;\" \/> <img decoding=\"async\" class=\"alignnone size-medium wp-image-1208 lazyload\" data-src=\"https:\/\/ecosdelsur.com\/wp-content\/uploads\/2023\/05\/DSC_3431-300x177.jpg\" alt=\"\" width=\"300\" height=\"177\" data-srcset=\"https:\/\/ecosdelsur.com\/wp-content\/uploads\/2023\/05\/DSC_3431-300x177.jpg 300w, https:\/\/ecosdelsur.com\/wp-content\/uploads\/2023\/05\/DSC_3431-768x454.jpg 768w, https:\/\/ecosdelsur.com\/wp-content\/uploads\/2023\/05\/DSC_3431.jpg 800w\" data-sizes=\"(max-width: 300px) 100vw, 300px\" src=\"data:image\/svg+xml;base64,PHN2ZyB3aWR0aD0iMSIgaGVpZ2h0PSIxIiB4bWxucz0iaHR0cDovL3d3dy53My5vcmcvMjAwMC9zdmciPjwvc3ZnPg==\" style=\"--smush-placeholder-width: 300px; --smush-placeholder-aspect-ratio: 300\/177;\" \/> <img decoding=\"async\" class=\"alignnone size-medium wp-image-1209 lazyload\" data-src=\"https:\/\/ecosdelsur.com\/wp-content\/uploads\/2023\/05\/DSC_3438-300x173.jpg\" alt=\"\" width=\"300\" height=\"173\" data-srcset=\"https:\/\/ecosdelsur.com\/wp-content\/uploads\/2023\/05\/DSC_3438-300x173.jpg 300w, https:\/\/ecosdelsur.com\/wp-content\/uploads\/2023\/05\/DSC_3438-768x444.jpg 768w, https:\/\/ecosdelsur.com\/wp-content\/uploads\/2023\/05\/DSC_3438.jpg 800w\" data-sizes=\"(max-width: 300px) 100vw, 300px\" src=\"data:image\/svg+xml;base64,PHN2ZyB3aWR0aD0iMSIgaGVpZ2h0PSIxIiB4bWxucz0iaHR0cDovL3d3dy53My5vcmcvMjAwMC9zdmciPjwvc3ZnPg==\" style=\"--smush-placeholder-width: 300px; --smush-placeholder-aspect-ratio: 300\/173;\" \/>El secretario de Planificaci\u00f3n Urbana del Municipio de Caleta Olivia, Jos\u00e9 Butel, brind\u00f3 detalles acerca del embellecimiento que se est\u00e1 llevando a cabo en inmediaciones al Monumento al Obrero Petrolero. Una obra con dise\u00f1o de vanguardia.\u00a0\u00a0\u00a0\u00a0<\/span><\/i><\/p>\n<p class=\"ydp8cf0c5d2yiv4113552345MsoNormal\"><span class=\"ydp8cf0c5d2yiv4113552345ContentPasted0\">Seg\u00fan lo detall\u00f3 el\u00a0funcionario, la renovaci\u00f3n est\u00e1 siendo realizada\u00a0<b><i class=\"ydp8cf0c5d2yiv4113552345ContentPasted0\">\u201cde forma constante y continua&#8221;,<\/i><\/b>\u00a0y ya se pueden observar los primeros resultados. \u00a0<\/span><\/p>\n<p class=\"ydp8cf0c5d2yiv4113552345MsoNormal\"><span class=\"ydp8cf0c5d2yiv4113552345ContentPasted0\">Butel explic\u00f3 que durante el fin de semana pasado se comenz\u00f3 a colocar el c\u00e9sped que fue comprado en Chubut, utilizando un sistema de riego por goteo\u00a0<b><i class=\"ydp8cf0c5d2yiv4113552345ContentPasted0\">&#8220;para mantenerlo verde y emprolijar los boulevards&#8221;.\u00a0<\/i><\/b>Asimismo, se colocaron columnas de iluminaci\u00f3n que fueron reacondicionadas y se instalaron nuevos &#8220;artefactos&#8221; como maceteros con plantas y arbustos ornamentales, al igual que bancos de dise\u00f1o renovado. \u00a0<\/span><\/p>\n<p class=\"ydp8cf0c5d2yiv4113552345MsoNormal\"><span class=\"ydp8cf0c5d2yiv4113552345ContentPasted0\">Adem\u00e1s, se han realizado trabajos de refacci\u00f3n de las fisuras y grietas de El Gorosito, y se est\u00e1 trabajando en la imprimaci\u00f3n para las intervenciones del color que se realizar\u00e1n en la pr\u00f3xima semana. \u00a0<\/span><\/p>\n<p class=\"ydp8cf0c5d2yiv4113552345MsoNormal\"><span class=\"ydp8cf0c5d2yiv4113552345ContentPasted0\">Tambi\u00e9n se program\u00f3 la compra de sem\u00e1foros y la instalaci\u00f3n de bolardos que rodear\u00e1n al Gorosito, elemento que se instalar\u00e1 al suelo para impedir el paso de veh\u00edculos al \u00e1rea peatonal.\u00a0 \u00a0<\/span><\/p>\n<p class=\"ydp8cf0c5d2yiv4113552345MsoNormal\"><span class=\"ydp8cf0c5d2yiv4113552345ContentPasted0\">Butel estim\u00f3 que las tareas de obra\u00a0<b><i class=\"ydp8cf0c5d2yiv4113552345ContentPasted0\">&#8220;quedar\u00edan finalizadas aproximadamente en un mes o mes y medio, aunque algunos materiales pendientes por tema de fabricaci\u00f3n tardar\u00edan entre dos y tres meses en estar disponibles&#8221;.<\/i><\/b>\u00a0No obstante, asegur\u00f3 que\u00a0<b><i class=\"ydp8cf0c5d2yiv4113552345ContentPasted0\">&#8220;el resultado final ser\u00e1 un Gorosito m\u00e1s hermoso e iluminado, que embellecer\u00e1 a\u00fan m\u00e1s la ciudad&#8221;.<\/i><\/b>\u00a0\u00a0<\/span><\/p>\n","protected":false},"excerpt":{"rendered":"<p>El secretario de Planificaci\u00f3n Urbana del Municipio de Caleta Olivia, Jos\u00e9 Butel, brind\u00f3 detalles acerca del embellecimiento que se est\u00e1<\/p>\n","protected":false},"author":8,"featured_media":1208,"comment_status":"open","ping_status":"closed","sticky":false,"template":"","format":"standard","meta":{"footnotes":""},"categories":[40],"tags":[],"class_list":["post-1205","post","type-post","status-publish","format-standard","has-post-thumbnail","hentry","category-municipales"],"_links":{"self":[{"href":"https:\/\/ecosdelsur.com\/index.php?rest_route=\/wp\/v2\/posts\/1205","targetHints":{"allow":["GET"]}}],"collection":[{"href":"https:\/\/ecosdelsur.com\/index.php?rest_route=\/wp\/v2\/posts"}],"about":[{"href":"https:\/\/ecosdelsur.com\/index.php?rest_route=\/wp\/v2\/types\/post"}],"author":[{"embeddable":true,"href":"https:\/\/ecosdelsur.com\/index.php?rest_route=\/wp\/v2\/users\/8"}],"replies":[{"embeddable":true,"href":"https:\/\/ecosdelsur.com\/index.php?rest_route=%2Fwp%2Fv2%2Fcomments&post=1205"}],"version-history":[{"count":0,"href":"https:\/\/ecosdelsur.com\/index.php?rest_route=\/wp\/v2\/posts\/1205\/revisions"}],"wp:featuredmedia":[{"embeddable":true,"href":"https:\/\/ecosdelsur.com\/index.php?rest_route=\/wp\/v2\/media\/1208"}],"wp:attachment":[{"href":"https:\/\/ecosdelsur.com\/index.php?rest_route=%2Fwp%2Fv2%2Fmedia&parent=1205"}],"wp:term":[{"taxonomy":"category","embeddable":true,"href":"https:\/\/ecosdelsur.com\/index.php?rest_route=%2Fwp%2Fv2%2Fcategories&post=1205"},{"taxonomy":"post_tag","embeddable":true,"href":"https:\/\/ecosdelsur.com\/index.php?rest_route=%2Fwp%2Fv2%2Ftags&post=1205"}],"curies":[{"name":"wp","href":"https:\/\/api.w.org\/{rel}","templated":true}]}}