{"id":1188,"date":"2023-05-11T04:17:14","date_gmt":"2023-05-11T04:17:14","guid":{"rendered":"https:\/\/ecosdelsur.com\/?p=1188"},"modified":"2023-05-11T04:17:22","modified_gmt":"2023-05-11T04:17:22","slug":"denuncian-avasallamiento-de-la-corte-suprema-sobre-las-autonomias-provinciales","status":"publish","type":"post","link":"https:\/\/ecosdelsur.com\/?p=1188","title":{"rendered":"Denuncian avasallamiento de la Corte Suprema sobre las autonom\u00edas provinciales"},"content":{"rendered":"<p>El Bloque del Frente de Todos \u2013 Partido Justicialista en la Legislatura Provincial, repudi\u00f3 este mi\u00e9rcoles el \u201cavasallamiento de la Corte Suprema de Justicia de la Naci\u00f3n sobre las provincias de Tucum\u00e1n y San Juan, violando sus autonom\u00edas, al suspender las elecciones para las categor\u00edas de Gobernador y Vicegobernador, a realizarse este domingo 14 de mayo, en un claro acto de golpe institucional\u201d.<\/p>\n<p>Es as\u00ed que sostuvieron que \u201cuna vez m\u00e1s, somos testigos del avasallamiento del \u2018partido judicial\u2019 sobre las democracias, sobre la Constituci\u00f3n Nacional, vulnerando el federalismo, poniendo en riesgo la estabilidad democr\u00e1tica del pa\u00eds, en momentos en que somos testigos de la proscripci\u00f3n escandalosa a nuestra Vicepresidenta Cristina Fern\u00e1ndez de Kirchner, sino tambi\u00e9n como avanza limitando la voluntad popular y la mayor expresi\u00f3n democr\u00e1tica de sus pueblos, que es a trav\u00e9s del voto\u201d.<\/p>\n<p>Finalmente, se\u00f1alaron que \u201ca 40 a\u00f1os de la recuperaci\u00f3n ininterrumpida de la Democracia, vemos como mientras est\u00e1n siendo sometidos a Juicio Pol\u00edtico por el Congreso de la Naci\u00f3n &#8211; a partir de serias irregularidades &#8211; ahora tambi\u00e9n vetan a candidatos, violan el sistema Republicano y las autonom\u00edas provinciales, coartando el derecho de los ciudadanos y ciudadanas a elegir\u201d.<\/p>\n","protected":false},"excerpt":{"rendered":"<p>El Bloque del Frente de Todos \u2013 Partido Justicialista en la Legislatura Provincial, repudi\u00f3 este mi\u00e9rcoles el \u201cavasallamiento de la<\/p>\n","protected":false},"author":8,"featured_media":1189,"comment_status":"open","ping_status":"closed","sticky":false,"template":"","format":"standard","meta":{"footnotes":""},"categories":[33],"tags":[],"class_list":["post-1188","post","type-post","status-publish","format-standard","has-post-thumbnail","hentry","category-politica"],"_links":{"self":[{"href":"https:\/\/ecosdelsur.com\/index.php?rest_route=\/wp\/v2\/posts\/1188","targetHints":{"allow":["GET"]}}],"collection":[{"href":"https:\/\/ecosdelsur.com\/index.php?rest_route=\/wp\/v2\/posts"}],"about":[{"href":"https:\/\/ecosdelsur.com\/index.php?rest_route=\/wp\/v2\/types\/post"}],"author":[{"embeddable":true,"href":"https:\/\/ecosdelsur.com\/index.php?rest_route=\/wp\/v2\/users\/8"}],"replies":[{"embeddable":true,"href":"https:\/\/ecosdelsur.com\/index.php?rest_route=%2Fwp%2Fv2%2Fcomments&post=1188"}],"version-history":[{"count":0,"href":"https:\/\/ecosdelsur.com\/index.php?rest_route=\/wp\/v2\/posts\/1188\/revisions"}],"wp:featuredmedia":[{"embeddable":true,"href":"https:\/\/ecosdelsur.com\/index.php?rest_route=\/wp\/v2\/media\/1189"}],"wp:attachment":[{"href":"https:\/\/ecosdelsur.com\/index.php?rest_route=%2Fwp%2Fv2%2Fmedia&parent=1188"}],"wp:term":[{"taxonomy":"category","embeddable":true,"href":"https:\/\/ecosdelsur.com\/index.php?rest_route=%2Fwp%2Fv2%2Fcategories&post=1188"},{"taxonomy":"post_tag","embeddable":true,"href":"https:\/\/ecosdelsur.com\/index.php?rest_route=%2Fwp%2Fv2%2Ftags&post=1188"}],"curies":[{"name":"wp","href":"https:\/\/api.w.org\/{rel}","templated":true}]}}