{"id":1181,"date":"2023-05-11T03:39:41","date_gmt":"2023-05-11T03:39:41","guid":{"rendered":"https:\/\/ecosdelsur.com\/?p=1181"},"modified":"2023-05-11T03:40:16","modified_gmt":"2023-05-11T03:40:16","slug":"encontraron-muerto-al-peon-de-caleta-olivia-que-habia-desaparecido-en-una-estancia-de-las-heras","status":"publish","type":"post","link":"https:\/\/ecosdelsur.com\/?p=1181","title":{"rendered":"Encontraron muerto al pe\u00f3n de Caleta Olivia que hab\u00eda desaparecido en una estancia de Las Heras"},"content":{"rendered":"<p><img decoding=\"async\" class=\"alignnone size-medium wp-image-1184 lazyload\" data-src=\"https:\/\/ecosdelsur.com\/wp-content\/uploads\/2023\/05\/busca-3-300x162.jpeg\" alt=\"\" width=\"300\" height=\"162\" data-srcset=\"https:\/\/ecosdelsur.com\/wp-content\/uploads\/2023\/05\/busca-3-300x162.jpeg 300w, https:\/\/ecosdelsur.com\/wp-content\/uploads\/2023\/05\/busca-3-768x416.jpeg 768w, https:\/\/ecosdelsur.com\/wp-content\/uploads\/2023\/05\/busca-3.jpeg 800w\" data-sizes=\"(max-width: 300px) 100vw, 300px\" src=\"data:image\/svg+xml;base64,PHN2ZyB3aWR0aD0iMSIgaGVpZ2h0PSIxIiB4bWxucz0iaHR0cDovL3d3dy53My5vcmcvMjAwMC9zdmciPjwvc3ZnPg==\" style=\"--smush-placeholder-width: 300px; --smush-placeholder-aspect-ratio: 300\/162;\" \/> <img decoding=\"async\" class=\"alignnone size-medium wp-image-1183 lazyload\" data-src=\"https:\/\/ecosdelsur.com\/wp-content\/uploads\/2023\/05\/busca-2-300x172.jpeg\" alt=\"\" width=\"300\" height=\"172\" data-srcset=\"https:\/\/ecosdelsur.com\/wp-content\/uploads\/2023\/05\/busca-2-300x172.jpeg 300w, https:\/\/ecosdelsur.com\/wp-content\/uploads\/2023\/05\/busca-2-768x441.jpeg 768w, https:\/\/ecosdelsur.com\/wp-content\/uploads\/2023\/05\/busca-2.jpeg 800w\" data-sizes=\"(max-width: 300px) 100vw, 300px\" src=\"data:image\/svg+xml;base64,PHN2ZyB3aWR0aD0iMSIgaGVpZ2h0PSIxIiB4bWxucz0iaHR0cDovL3d3dy53My5vcmcvMjAwMC9zdmciPjwvc3ZnPg==\" style=\"--smush-placeholder-width: 300px; --smush-placeholder-aspect-ratio: 300\/172;\" \/><\/p>\n<p>Nicol\u00e1s Tula fue denunciado como desaparecido el pasado s\u00e1bado luego de que el due\u00f1o de la estancia se dirigiera a ella y no lo encontrara, tras lo cual avis\u00f3 a la familia de este y la denuncia policial correspondientes que libr\u00f3 la b\u00fasqueda del trabajador rural de 36 a\u00f1os<\/p>\n<p>Ayer, a las ocho de la ma\u00f1ana, se comisiona desde ejido urbano de Las Heras personal policial dependiente de la Secci\u00f3n Canes de B\u00fasqueda y Rescate de la Zona Centro, estos dependen del departamento de Zona III de Bomberos, llevando consigo a los canes especializados en rastro especifico (Pampa) y grandes \u00e1reas (Kenia), junto con la Divisi\u00f3n Canes de R\u00edo Gallegos con sus Canes de b\u00fasqueda de Restos Humanos y rastros espec\u00edficos.<\/p>\n<p><strong>A las once de la ma\u00f1ana arriban a la estancia Magallanes, donde los canes realizan el reconocimiento olfativo a trav\u00e9s de las prendas de vestir que usaba el buscado; luego de un per\u00edodo determinado el can Pampa detecta la impronta de rastro e inicia la b\u00fasqueda.<\/strong><\/p>\n<p>Posteriormente, al momento de encontrarse realizando la diligencia de allanamiento, conforme la orden emanada por el Juez de Las Heras, en la estancia Los \u00c1lamos, parte de los integrantes del equipo de b\u00fasqueda dan cuenta que se hab\u00eda hallado el cuerpo de una persona, el mismo se situaba a unos 8 kil\u00f3metros de la estancia Los \u00c1lamos. Esto se dio a que polic\u00edas con prestaci\u00f3n de servicios en la Divisi\u00f3n de Operaciones Rurales con asiento en Perito Moreno junto a un colaborador se dieron cuenta de un rastro que los llev\u00f3 a encontrarlo en un zanj\u00f3n de la zona. Ante el inmediato abordaje de los profesionales, con las previsiones del caso y resguardando la escena, determinaron que el mismo se encontraba sin vida.<\/p>\n<p>Con la premura del caso se convoc\u00f3 a los profesionales de criminal\u00edstica fines procedan a realizar las labores de inspecci\u00f3n ocular y levantamiento de elementos de pruebas necesarios.<\/p>\n<p><strong>Inmediatamente, procedieron a demorar y aprehender, bajo las formalidades de pr\u00e1ctica y estilo que prev\u00e9 el c\u00f3digo de procedimientos de la provincia, a disposici\u00f3n del juez interviniente a dos personas mayores de edad, ambos hombres, que resultan residentes de la estancia Los \u00c1lamos con el objetivo de esclarecer los hechos.<\/strong><\/p>\n","protected":false},"excerpt":{"rendered":"<p>Nicol\u00e1s Tula fue denunciado como desaparecido el pasado s\u00e1bado luego de que el due\u00f1o de la estancia se dirigiera a<\/p>\n","protected":false},"author":8,"featured_media":1185,"comment_status":"open","ping_status":"closed","sticky":false,"template":"","format":"standard","meta":{"footnotes":""},"categories":[36],"tags":[],"class_list":["post-1181","post","type-post","status-publish","format-standard","has-post-thumbnail","hentry","category-policiales"],"_links":{"self":[{"href":"https:\/\/ecosdelsur.com\/index.php?rest_route=\/wp\/v2\/posts\/1181","targetHints":{"allow":["GET"]}}],"collection":[{"href":"https:\/\/ecosdelsur.com\/index.php?rest_route=\/wp\/v2\/posts"}],"about":[{"href":"https:\/\/ecosdelsur.com\/index.php?rest_route=\/wp\/v2\/types\/post"}],"author":[{"embeddable":true,"href":"https:\/\/ecosdelsur.com\/index.php?rest_route=\/wp\/v2\/users\/8"}],"replies":[{"embeddable":true,"href":"https:\/\/ecosdelsur.com\/index.php?rest_route=%2Fwp%2Fv2%2Fcomments&post=1181"}],"version-history":[{"count":0,"href":"https:\/\/ecosdelsur.com\/index.php?rest_route=\/wp\/v2\/posts\/1181\/revisions"}],"wp:featuredmedia":[{"embeddable":true,"href":"https:\/\/ecosdelsur.com\/index.php?rest_route=\/wp\/v2\/media\/1185"}],"wp:attachment":[{"href":"https:\/\/ecosdelsur.com\/index.php?rest_route=%2Fwp%2Fv2%2Fmedia&parent=1181"}],"wp:term":[{"taxonomy":"category","embeddable":true,"href":"https:\/\/ecosdelsur.com\/index.php?rest_route=%2Fwp%2Fv2%2Fcategories&post=1181"},{"taxonomy":"post_tag","embeddable":true,"href":"https:\/\/ecosdelsur.com\/index.php?rest_route=%2Fwp%2Fv2%2Ftags&post=1181"}],"curies":[{"name":"wp","href":"https:\/\/api.w.org\/{rel}","templated":true}]}}