{"id":1173,"date":"2023-05-11T03:23:56","date_gmt":"2023-05-11T03:23:56","guid":{"rendered":"https:\/\/ecosdelsur.com\/?p=1173"},"modified":"2023-05-11T03:24:02","modified_gmt":"2023-05-11T03:24:02","slug":"el-programa-mas-cerca-viene-desarrollandose-con-importante-convocatoria","status":"publish","type":"post","link":"https:\/\/ecosdelsur.com\/?p=1173","title":{"rendered":"El Programa \u201cM\u00e1s Cerca\u201d viene desarroll\u00e1ndose con importante convocatoria \u00a0"},"content":{"rendered":"<p><img decoding=\"async\" class=\"alignnone size-medium wp-image-1175 lazyload\" data-src=\"https:\/\/ecosdelsur.com\/wp-content\/uploads\/2023\/05\/ANSES-300x168.jpeg\" alt=\"\" width=\"300\" height=\"168\" data-srcset=\"https:\/\/ecosdelsur.com\/wp-content\/uploads\/2023\/05\/ANSES-300x168.jpeg 300w, https:\/\/ecosdelsur.com\/wp-content\/uploads\/2023\/05\/ANSES-768x430.jpeg 768w, https:\/\/ecosdelsur.com\/wp-content\/uploads\/2023\/05\/ANSES.jpeg 800w\" data-sizes=\"(max-width: 300px) 100vw, 300px\" src=\"data:image\/svg+xml;base64,PHN2ZyB3aWR0aD0iMSIgaGVpZ2h0PSIxIiB4bWxucz0iaHR0cDovL3d3dy53My5vcmcvMjAwMC9zdmciPjwvc3ZnPg==\" style=\"--smush-placeholder-width: 300px; --smush-placeholder-aspect-ratio: 300\/168;\" \/> <img decoding=\"async\" class=\"alignnone size-medium wp-image-1176 lazyload\" data-src=\"https:\/\/ecosdelsur.com\/wp-content\/uploads\/2023\/05\/MIGRACIONES-300x169.jpeg\" alt=\"\" width=\"300\" height=\"169\" data-srcset=\"https:\/\/ecosdelsur.com\/wp-content\/uploads\/2023\/05\/MIGRACIONES-300x169.jpeg 300w, https:\/\/ecosdelsur.com\/wp-content\/uploads\/2023\/05\/MIGRACIONES-768x432.jpeg 768w, https:\/\/ecosdelsur.com\/wp-content\/uploads\/2023\/05\/MIGRACIONES.jpeg 800w\" data-sizes=\"(max-width: 300px) 100vw, 300px\" src=\"data:image\/svg+xml;base64,PHN2ZyB3aWR0aD0iMSIgaGVpZ2h0PSIxIiB4bWxucz0iaHR0cDovL3d3dy53My5vcmcvMjAwMC9zdmciPjwvc3ZnPg==\" style=\"--smush-placeholder-width: 300px; --smush-placeholder-aspect-ratio: 300\/169;\" \/><\/p>\n<p class=\"yiv2306295579MsoNormal\"><i><span class=\"yiv2306295579ContentPasted0\">El Municipio de Caleta Olivia, contin\u00faa descentralizando sus servicios en el Centro Integrador Juvenil 3 de Febrero de 14 a 18 horas y durante los primeros d\u00edas se avanz\u00f3 en una agenda en com\u00fan con los vecinos del sector mencionado, para mejorar su calidad de vida, fortaleciendo as\u00ed la relaci\u00f3n con la administraci\u00f3n p\u00fablica de la localidad. \u00a0<\/span><\/i><\/p>\n<p class=\"yiv2306295579MsoNormal\"><span class=\"yiv2306295579ContentPasted0\">En este sentido, cabe mencionar que se est\u00e1 gestionando una reuni\u00f3n del Intendente y el Gabinete con referentes vecinales del barrio 3 de Febrero. \u00a0<\/span><\/p>\n<p class=\"yiv2306295579MsoNormal\"><b><i><span class=\"yiv2306295579ContentPasted0\">Informe Sociosanitario \u00a0<\/span><\/i><\/b><\/p>\n<p class=\"yiv2306295579MsoNormal\"><span class=\"yiv2306295579ContentPasted0\">Por otro lado, se present\u00f3 en el Club Juniors del barrio 3 de Febrero, el informe surgido a partir del relevamiento sociosanitario desplegado en el barrio Mirador y alrededores, en la anterior edici\u00f3n del Programa &#8220;M\u00e1s Cerca&#8221;, un trabajo relevante que llev\u00f3 a cabo la Secretar\u00eda de Desarrollo Social para ser abordado por el CAPS Mar del Plata, Centro que nuclea los residentes de esa zona program\u00e1tica.\u00a0 \u00a0<\/span><\/p>\n<p class=\"yiv2306295579MsoNormal\"><b><span class=\"yiv2306295579ContentPasted0\">Talleres y actividades \u00a0<\/span><\/b><\/p>\n<p class=\"yiv2306295579MsoNormal\"><span class=\"yiv2306295579ContentPasted0\">Durante el lunes y martes, estuvo presente el Banco de Sangre del sector de Hemoterapia del Hospital Zonal con buena recepci\u00f3n. Asimismo, este mi\u00e9rcoles se desarrollar\u00e1 a las 18 una capacitaci\u00f3n de RCP y primeros auxilios, con entrega de certificados de participaci\u00f3n. Finalmente, el jueves 11, se llevar\u00e1 a cabo un taller desde el \u00e1rea Mujer y G\u00e9nero. \u00a0<\/span><\/p>\n<p class=\"yiv2306295579MsoNormal\"><b><span class=\"yiv2306295579ContentPasted0\">Trabajos en la zona y otras atenciones \u00a0<\/span><\/b><\/p>\n<p class=\"yiv2306295579MsoNormal\"><span class=\"yiv2306295579ContentPasted0\"><br class=\"yiv2306295579ContentPasted0\" \/><br class=\"yiv2306295579ContentPasted0\" \/>Igualmente, se est\u00e1n llevando adelante las tareas programadas en el \u00e1rea con maquinarias para el acondicionamiento de calles, espacios p\u00fablicos y se est\u00e1n ejecutando los operativos de limpieza pertinentes.<br class=\"yiv2306295579ContentPasted0\" \/><\/span><\/p>\n<p class=\"yiv2306295579MsoNormal\"><span class=\"yiv2306295579ContentPasted0\">Tambi\u00e9n, se encuentra a disposici\u00f3n el punto verde m\u00f3vil y la Salud Visual, con el tr\u00e1iler oftalmol\u00f3gico en la Secretar\u00eda de Producci\u00f3n &#8220;ex predio de ex Copesa) con la atenci\u00f3n hasta el viernes 12 en horario de 9 a 13 y de 14 a 17.\u00a0<\/span><\/p>\n","protected":false},"excerpt":{"rendered":"<p>El Municipio de Caleta Olivia, contin\u00faa descentralizando sus servicios en el Centro Integrador Juvenil 3 de Febrero de 14 a<\/p>\n","protected":false},"author":8,"featured_media":1174,"comment_status":"open","ping_status":"closed","sticky":false,"template":"","format":"standard","meta":{"footnotes":""},"categories":[40],"tags":[],"class_list":["post-1173","post","type-post","status-publish","format-standard","has-post-thumbnail","hentry","category-municipales"],"_links":{"self":[{"href":"https:\/\/ecosdelsur.com\/index.php?rest_route=\/wp\/v2\/posts\/1173","targetHints":{"allow":["GET"]}}],"collection":[{"href":"https:\/\/ecosdelsur.com\/index.php?rest_route=\/wp\/v2\/posts"}],"about":[{"href":"https:\/\/ecosdelsur.com\/index.php?rest_route=\/wp\/v2\/types\/post"}],"author":[{"embeddable":true,"href":"https:\/\/ecosdelsur.com\/index.php?rest_route=\/wp\/v2\/users\/8"}],"replies":[{"embeddable":true,"href":"https:\/\/ecosdelsur.com\/index.php?rest_route=%2Fwp%2Fv2%2Fcomments&post=1173"}],"version-history":[{"count":0,"href":"https:\/\/ecosdelsur.com\/index.php?rest_route=\/wp\/v2\/posts\/1173\/revisions"}],"wp:featuredmedia":[{"embeddable":true,"href":"https:\/\/ecosdelsur.com\/index.php?rest_route=\/wp\/v2\/media\/1174"}],"wp:attachment":[{"href":"https:\/\/ecosdelsur.com\/index.php?rest_route=%2Fwp%2Fv2%2Fmedia&parent=1173"}],"wp:term":[{"taxonomy":"category","embeddable":true,"href":"https:\/\/ecosdelsur.com\/index.php?rest_route=%2Fwp%2Fv2%2Fcategories&post=1173"},{"taxonomy":"post_tag","embeddable":true,"href":"https:\/\/ecosdelsur.com\/index.php?rest_route=%2Fwp%2Fv2%2Ftags&post=1173"}],"curies":[{"name":"wp","href":"https:\/\/api.w.org\/{rel}","templated":true}]}}