{"id":1171,"date":"2023-05-11T03:15:35","date_gmt":"2023-05-11T03:15:35","guid":{"rendered":"https:\/\/ecosdelsur.com\/?p=1171"},"modified":"2023-05-11T03:15:40","modified_gmt":"2023-05-11T03:15:40","slug":"educacion-hizo-entrega-de-libros-para-aprender-en-la-epp-no63-de-rio-gallegos","status":"publish","type":"post","link":"https:\/\/ecosdelsur.com\/?p=1171","title":{"rendered":"Educaci\u00f3n hizo entrega de \u201cLibros para Aprender\u201d en la EPP N\u00ba63 de R\u00edo Gallegos"},"content":{"rendered":"<div class=\"itemIntroText\">El Gobierno de Santa Cruz, a trav\u00e9s del Consejo Provincial de Educaci\u00f3n, realiz\u00f3 una entrega de material did\u00e1ctico para docentes y estudiantes de la EPP N\u00ba63,\u00a0\u201cPiloto Capit\u00e1n Danilo Bolz\u00e1n\u201d,\u00a0de R\u00edo Gallegos. A partir de la misma se trata de cumplir con el derecho a la educaci\u00f3n y garantizar el acceso universal a libros esenciales para el aprendizaje, en el marco del Programa Nacional \u201cLibros para Aprender\u201d.<\/div>\n<div class=\"itemFullText\">\n<p>Estuvieron presentes la presidenta del CPE acompa\u00f1ada por el secretario de Coordinaci\u00f3n Educativa, Pablo Ru\u00edz; la directora Provincial de Educaci\u00f3n Primaria, Olga Rizzi; la supervisora del Nivel; Letizia Guidetti; el secretario T\u00e9cnico de la Direcci\u00f3n Primaria, Marcelo Rojas; la directora de Educaci\u00f3n Art\u00edstica, Bibiana Garc\u00eda Pacheco junto a la directora de la escuela, Yanet Poissenneu, docentes y estudiantes.<\/p>\n<p>En esta oportunidad, la Licenciada Vel\u00e1zquez se\u00f1al\u00f3 que el a\u00f1o pasado dieron inicio en toda la provincia a la entrega de m\u00e1s de cien mil ejemplares de Matem\u00e1tica y Lengua del Programa Nacional \u201cLibros para Aprender\u201d, para todos los chicos y chicas, de 1ero a 7mo grado, de Santa Cruz.<\/p>\n<p>Al mismo tiempo, remarc\u00f3 que este material did\u00e1ctico que reciben tambi\u00e9n los docentes es de ayuda tanto para los y las estudiantes c\u00f3mo para la econom\u00eda familiar y, fundamentalmente, sostuvo que \u201clos libros van poblando las bibliotecas de las casas porque no se quedan en las escuelas, es decir, que son propiedad de ellos\u201d.<\/p>\n<p>Finalmente, la presidenta del Consejo Provincial de Educaci\u00f3n hizo hincapi\u00e9 en el acompa\u00f1amiento a las trayectorias escolares que llevan adelante con esta entrega, como as\u00ed tambi\u00e9n, con la Extensi\u00f3n de Jornada y con el Programa Recuperaci\u00f3n D\u00edas de Clases.<\/p>\n<p>Por su parte, la directora Provincial de Educaci\u00f3n Primaria, Olga Rizzi, expres\u00f3 que la selecci\u00f3n este material fue trabajado por cada una de las jurisdicciones a cargo de docentes del Programa Plan de Lectura y, adelant\u00f3, pr\u00f3ximamente se har\u00e1 entrega en distintas escuelas de las localidades de Piedra Buena, San Juli\u00e1n y Caleta Olivia.<\/p>\n<p>El Programa Nacional \u201cLibros para Aprender\u201d, se implementa mediante la modalidad de entrega de libros en propiedad a cada estudiante de escuelas de gesti\u00f3n estatal y de gesti\u00f3n privada cuota cero y oferta \u00fanica. Los mismos son un puente entre la escuela y la familia, permitiendo un acceso equitativo al conocimiento y facilitando el aprendizaje.<\/p>\n<\/div>\n<div class=\"clr\"><\/div>\n<div class=\"itemSocialSharing\">\n<div class=\"itemTwitterButton\"><iframe id=\"twitter-widget-0\" class=\"twitter-share-button twitter-share-button-rendered twitter-tweet-button lazyload\" title=\"Twitter Tweet Button\" data-src=\"https:\/\/platform.twitter.com\/widgets\/tweet_button.2b2d73daf636805223fb11d48f3e94f7.es.html#dnt=false&amp;id=twitter-widget-0&amp;lang=es&amp;original_referer=https%3A%2F%2Fnoticias.santacruz.gob.ar%2Fgestion%2Feducacion%2Fitem%2F27658-educacion-hizo-entrega-de-libros-para-aprender-en-la-epp-n-62-de-rio-gallegos&amp;size=m&amp;text=Educaci%C3%B3n%20hizo%20entrega%20de%20%E2%80%9CLibros%20para%20Aprender%E2%80%9D%20en%20la%20EPP%20N%C2%BA63%20de%20R%C3%ADo%20Gallegos&amp;time=1683774562864&amp;type=share&amp;url=https%3A%2F%2Fnoticias.santacruz.gob.ar%2Fgestion%2Feducacion%2Fitem%2F27658-educacion-hizo-entrega-de-libros-para-aprender-en-la-epp-n-62-de-rio-gallegos&amp;via=ganarlealfuturo\" frameborder=\"0\" scrolling=\"no\" allowfullscreen=\"allowfullscreen\" data-mce-fragment=\"1\" src=\"data:image\/svg+xml;base64,PHN2ZyB3aWR0aD0iMSIgaGVpZ2h0PSIxIiB4bWxucz0iaHR0cDovL3d3dy53My5vcmcvMjAwMC9zdmciPjwvc3ZnPg==\" data-load-mode=\"1\"><\/iframe><\/div>\n<div class=\"itemFacebookButton\">\n<div id=\"fb-root\" class=\" fb_reset\">\n<div>\n<div><\/div>\n<\/div>\n<\/div>\n<div class=\"fb-like fb_iframe_widget\" data-send=\"false\" data-width=\"200\" data-show-faces=\"true\"><iframe title=\"fb:like Facebook Social Plugin\" data-src=\"https:\/\/www.facebook.com\/plugins\/like.php?app_id=177111755694317&amp;channel=https%3A%2F%2Fstaticxx.facebook.com%2Fx%2Fconnect%2Fxd_arbiter%2F%3Fversion%3D46%23cb%3Df3936d427c28e78%26domain%3Dnoticias.santacruz.gob.ar%26is_canvas%3Dfalse%26origin%3Dhttps%253A%252F%252Fnoticias.santacruz.gob.ar%252Ff3b4edbb97f28d8%26relation%3Dparent.parent&amp;container_width=0&amp;href=https%3A%2F%2Fnoticias.santacruz.gob.ar%2Fgestion%2Feducacion%2Fitem%2F27658-educacion-hizo-entrega-de-libros-para-aprender-en-la-epp-n-62-de-rio-gallegos&amp;locale=es_LA&amp;sdk=joey&amp;send=false&amp;show_faces=true&amp;width=200\" name=\"fbdb92c6e81ee8\" width=\"200px\" height=\"1000px\" frameborder=\"0\" scrolling=\"no\" allowfullscreen=\"allowfullscreen\" data-testid=\"fb:like Facebook Social Plugin\" data-mce-fragment=\"1\" src=\"data:image\/svg+xml;base64,PHN2ZyB3aWR0aD0iMSIgaGVpZ2h0PSIxIiB4bWxucz0iaHR0cDovL3d3dy53My5vcmcvMjAwMC9zdmciPjwvc3ZnPg==\" class=\"lazyload\" data-load-mode=\"1\"><\/iframe><\/div>\n<\/div>\n<\/div>\n","protected":false},"excerpt":{"rendered":"<p>El Gobierno de Santa Cruz, a trav\u00e9s del Consejo Provincial de Educaci\u00f3n, realiz\u00f3 una entrega de material did\u00e1ctico para docentes<\/p>\n","protected":false},"author":8,"featured_media":1159,"comment_status":"open","ping_status":"closed","sticky":false,"template":"","format":"standard","meta":{"footnotes":""},"categories":[35],"tags":[],"class_list":["post-1171","post","type-post","status-publish","format-standard","has-post-thumbnail","hentry","category-sociedad"],"_links":{"self":[{"href":"https:\/\/ecosdelsur.com\/index.php?rest_route=\/wp\/v2\/posts\/1171","targetHints":{"allow":["GET"]}}],"collection":[{"href":"https:\/\/ecosdelsur.com\/index.php?rest_route=\/wp\/v2\/posts"}],"about":[{"href":"https:\/\/ecosdelsur.com\/index.php?rest_route=\/wp\/v2\/types\/post"}],"author":[{"embeddable":true,"href":"https:\/\/ecosdelsur.com\/index.php?rest_route=\/wp\/v2\/users\/8"}],"replies":[{"embeddable":true,"href":"https:\/\/ecosdelsur.com\/index.php?rest_route=%2Fwp%2Fv2%2Fcomments&post=1171"}],"version-history":[{"count":0,"href":"https:\/\/ecosdelsur.com\/index.php?rest_route=\/wp\/v2\/posts\/1171\/revisions"}],"wp:featuredmedia":[{"embeddable":true,"href":"https:\/\/ecosdelsur.com\/index.php?rest_route=\/wp\/v2\/media\/1159"}],"wp:attachment":[{"href":"https:\/\/ecosdelsur.com\/index.php?rest_route=%2Fwp%2Fv2%2Fmedia&parent=1171"}],"wp:term":[{"taxonomy":"category","embeddable":true,"href":"https:\/\/ecosdelsur.com\/index.php?rest_route=%2Fwp%2Fv2%2Fcategories&post=1171"},{"taxonomy":"post_tag","embeddable":true,"href":"https:\/\/ecosdelsur.com\/index.php?rest_route=%2Fwp%2Fv2%2Ftags&post=1171"}],"curies":[{"name":"wp","href":"https:\/\/api.w.org\/{rel}","templated":true}]}}