{"id":11662,"date":"2023-12-03T22:57:59","date_gmt":"2023-12-03T22:57:59","guid":{"rendered":"https:\/\/ecosdelsur.com\/?p=11662"},"modified":"2023-12-03T22:57:59","modified_gmt":"2023-12-03T22:57:59","slug":"ultima-campana-de-recoleccion-de-tapitas-para-el-garrahan-del-ano","status":"publish","type":"post","link":"https:\/\/ecosdelsur.com\/?p=11662","title":{"rendered":"Ultima campa\u00f1a de recolecci\u00f3n de tapitas para el Garrahan del a\u00f1o"},"content":{"rendered":"<p>Luis Silva, referente de la campa\u00f1a invit\u00f3 a la familia a acercarse para donar sus tapitas pl\u00e1sticas y depositarlas en los corazones que se encuentran en diferentes puntos de la ciudad.<\/p>\n<p>Esta vez, los corazones fueron trasladados a la explanada de El Gorosito, donde con inflables y m\u00fasica se invit\u00f3 a colaborar.<\/p>\n<p>Se trata de la \u00faltima campa\u00f1a de recolecci\u00f3n del a\u00f1o. Ya que lo que se haya logrado juntar ser\u00e1 enviado a la sede central de Rio Gallegos y luego a Buenos Aires.<\/p>\n<p>Esta campa\u00f1a de tapitas ya es tradicional y es organizada por la Fundaci\u00f3n del Hospital Garrahan.<\/p>\n<p><img decoding=\"async\" class=\"alignnone size-full wp-image-11664 lazyload\" data-src=\"https:\/\/ecosdelsur.com\/wp-content\/uploads\/2023\/12\/Screenshot_20231203-1933212.png\" alt=\"\" width=\"720\" height=\"399\" data-srcset=\"https:\/\/ecosdelsur.com\/wp-content\/uploads\/2023\/12\/Screenshot_20231203-1933212.png 720w, https:\/\/ecosdelsur.com\/wp-content\/uploads\/2023\/12\/Screenshot_20231203-1933212-300x166.png 300w\" data-sizes=\"(max-width: 720px) 100vw, 720px\" src=\"data:image\/svg+xml;base64,PHN2ZyB3aWR0aD0iMSIgaGVpZ2h0PSIxIiB4bWxucz0iaHR0cDovL3d3dy53My5vcmcvMjAwMC9zdmciPjwvc3ZnPg==\" style=\"--smush-placeholder-width: 720px; --smush-placeholder-aspect-ratio: 720\/399;\" \/><\/p>\n<p>Las tapitas pl\u00e1sticas de los envases de bebidas son desde hace un tiempo, en Argentina, sin\u00f3nimo de: Hospital Garrahan, Casa Garrahan, y reciclado. Un peque\u00f1o producto de descarte que logr\u00f3 resignificarse y adquirir valor simb\u00f3lico y material. Se juntan, se donan, se convierten en pl\u00e1stico molido, en productos que se venden y finalmente en recursos econ\u00f3micos para destinar a la salud de miles de ni\u00f1os. Un c\u00edrculo virtuoso tan necesario en el pa\u00eds.<\/p>\n<p>La campa\u00f1a en la localidad tuvo lugar los d\u00edas viernes, s\u00e1bado y domingo \u00faltimos, a modo de finalizaci\u00f3n de la campa\u00f1a anual.<\/p>\n<p>\u201cTodos por la Fundaci\u00f3n Garrahan\u201d, expres\u00f3 Silva a Ecos del Sur, quien destac\u00f3 que este ser\u00e1 el tercer env\u00edo del a\u00f1o a la ciudad capital.<\/p>\n","protected":false},"excerpt":{"rendered":"<p>Luis Silva, referente de la campa\u00f1a invit\u00f3 a la familia a acercarse para donar sus tapitas pl\u00e1sticas y depositarlas en<\/p>\n","protected":false},"author":8,"featured_media":11663,"comment_status":"open","ping_status":"closed","sticky":false,"template":"","format":"standard","meta":{"footnotes":""},"categories":[35],"tags":[60],"class_list":["post-11662","post","type-post","status-publish","format-standard","has-post-thumbnail","hentry","category-sociedad","tag-caleta-olivia"],"_links":{"self":[{"href":"https:\/\/ecosdelsur.com\/index.php?rest_route=\/wp\/v2\/posts\/11662","targetHints":{"allow":["GET"]}}],"collection":[{"href":"https:\/\/ecosdelsur.com\/index.php?rest_route=\/wp\/v2\/posts"}],"about":[{"href":"https:\/\/ecosdelsur.com\/index.php?rest_route=\/wp\/v2\/types\/post"}],"author":[{"embeddable":true,"href":"https:\/\/ecosdelsur.com\/index.php?rest_route=\/wp\/v2\/users\/8"}],"replies":[{"embeddable":true,"href":"https:\/\/ecosdelsur.com\/index.php?rest_route=%2Fwp%2Fv2%2Fcomments&post=11662"}],"version-history":[{"count":0,"href":"https:\/\/ecosdelsur.com\/index.php?rest_route=\/wp\/v2\/posts\/11662\/revisions"}],"wp:featuredmedia":[{"embeddable":true,"href":"https:\/\/ecosdelsur.com\/index.php?rest_route=\/wp\/v2\/media\/11663"}],"wp:attachment":[{"href":"https:\/\/ecosdelsur.com\/index.php?rest_route=%2Fwp%2Fv2%2Fmedia&parent=11662"}],"wp:term":[{"taxonomy":"category","embeddable":true,"href":"https:\/\/ecosdelsur.com\/index.php?rest_route=%2Fwp%2Fv2%2Fcategories&post=11662"},{"taxonomy":"post_tag","embeddable":true,"href":"https:\/\/ecosdelsur.com\/index.php?rest_route=%2Fwp%2Fv2%2Ftags&post=11662"}],"curies":[{"name":"wp","href":"https:\/\/api.w.org\/{rel}","templated":true}]}}