{"id":11656,"date":"2023-12-03T21:55:32","date_gmt":"2023-12-03T21:55:32","guid":{"rendered":"https:\/\/ecosdelsur.com\/?p=11656"},"modified":"2023-12-03T21:56:09","modified_gmt":"2023-12-03T21:56:09","slug":"congreso-provincial-del-partido-justicialista-de-santa-cruz","status":"publish","type":"post","link":"https:\/\/ecosdelsur.com\/?p=11656","title":{"rendered":"Congreso Provincial del Partido Justicialista de Santa Cruz"},"content":{"rendered":"<p><strong>Documento de la Mesa Ejecutiva <\/strong><\/p>\n<p>03\/12\/2023- Este s\u00e1bado 2 de diciembre de 2023, en la ciudad de R\u00edo Gallegos y en oportunidad de la reuni\u00f3n de congresales del Partido Justicialista de Santa Cruz, convocados para realizar la elecci\u00f3n de los cargos partidarios que establece nuestra carta org\u00e1nica, nuestra Mesa Ejecutiva de conducci\u00f3n partidaria qued\u00f3 integrada por compa\u00f1eras y compa\u00f1eros de los consejos locales de las distintas ciudades de la Provincia.<img decoding=\"async\" class=\"size-full wp-image-11657 aligncenter lazyload\" data-src=\"https:\/\/ecosdelsur.com\/wp-content\/uploads\/2023\/12\/MESA-EJECUTIVA-PJ-SANTA-CRUZ.jpeg\" alt=\"\" width=\"640\" height=\"361\" data-srcset=\"https:\/\/ecosdelsur.com\/wp-content\/uploads\/2023\/12\/MESA-EJECUTIVA-PJ-SANTA-CRUZ.jpeg 640w, https:\/\/ecosdelsur.com\/wp-content\/uploads\/2023\/12\/MESA-EJECUTIVA-PJ-SANTA-CRUZ-300x169.jpeg 300w\" data-sizes=\"(max-width: 640px) 100vw, 640px\" src=\"data:image\/svg+xml;base64,PHN2ZyB3aWR0aD0iMSIgaGVpZ2h0PSIxIiB4bWxucz0iaHR0cDovL3d3dy53My5vcmcvMjAwMC9zdmciPjwvc3ZnPg==\" style=\"--smush-placeholder-width: 640px; --smush-placeholder-aspect-ratio: 640\/361;\" \/><\/p>\n<p>Desde all\u00ed, seguiremos bregando por la lucha de los derechos b\u00e1sicos existentes, con igualdad e inclusi\u00f3n, junto a la defensa de nuestra soberan\u00eda con justicia social, conquistas que creemos deben ser llevadas adelante a partir de pol\u00edticas que permitan el acceso a la Salud, la Educaci\u00f3n, a la vivienda, desarrollando la econom\u00eda regional y local que permita generar empleo, de la mano del fortalecimiento de la ciencia y la tecnolog\u00eda, tan necesarias en estos tiempos.<\/p>\n<p>Sobre estos principios, desde el Partido Justicialista de Santa Cruz, continuaremos luchando por la defensa de YCRT, por la construcci\u00f3n y puesta en marcha de las represas N\u00e9stor Kirchner y Jorge Cepernic, la defensa de la producci\u00f3n hidrocarbur\u00edfera y de todos nuestros recursos naturales, los que requieren del agregado de valor que genera trabajo genuino y mejora la calidad de vida de nuestro pueblo, y donde el rol del Estado es central y necesario.<\/p>\n<p>Reconociendo nuestros errores, y haciendo autocr\u00edtica de lo hecho, estamos convencidos de que el camino para alcanzar estos objetivos, no es el de la privatizaci\u00f3n. Ya vimos lo que pas\u00f3 con la entrega de nuestros recursos, con el desguace de nuestra aerol\u00ednea de bandera, ya vimos como sufrieron nuestros jubilados y jubiladas con las AFJP, como tambi\u00e9n vimos a cientos de argentinos y argentinas en las calles, sin empleo, sin vivienda y sin futuro.<\/p>\n<p>Es por ello que, desde el seno de nuestro m\u00e1ximo \u00f3rgano provincial, como parte del movimiento peronista que hist\u00f3ricamente se ha comprometido con la defensa de la Justicia Social, continuaremos militando, sin claudicar, por un pa\u00eds que incluya y garantice derechos para todos y todas, haciendo un fuerte llamado a toda la militancia peronista santacruce\u00f1a a redoblar esfuerzos, buscando la unidad, con una mirada federal, amplia y representativa para dar todos los debates que haya que dar, tanto internos como de cara a la sociedad, y escuchando a todos los sectores que desde la propia experiencia, el trabajo en territorio y la voluntad de construcci\u00f3n, tienen tanto para aportar ante este nuevo escenario que se nos avecina.<\/p>\n<p>Mesa Ejecutiva<\/p>\n<p>Presidente: Eloy Echaz\u00fa (R\u00edo Gallegos)<\/p>\n<p>Vicepresidenta 1\u00b0: Lorena Ponce (28 de Noviembre)<\/p>\n<p>Vicepresidente 2\u00b0: Federico Bodlovic (Comandante Luis Piedra Buena)<\/p>\n<p>Secretaria de Actas: Nora Cisternas (R\u00edo Gallegos)<\/p>\n<p>Prosecretaria de Actas: Lidia Aspergren (Caleta Olivia)<\/p>\n<p>Vocal 1\u00b0: Noelia Zambrano (Las Heras)<\/p>\n<p>Vocal 2\u00b0: Daniel Castell\u00f3n (R\u00edo Turbio)<\/p>\n<p>Vocal 3\u00b0: Alberto \u00c1guila (Puerto San Juli\u00e1n).<\/p>\n","protected":false},"excerpt":{"rendered":"<p>Documento de la Mesa Ejecutiva 03\/12\/2023- Este s\u00e1bado 2 de diciembre de 2023, en la ciudad de R\u00edo Gallegos y<\/p>\n","protected":false},"author":8,"featured_media":11657,"comment_status":"open","ping_status":"closed","sticky":false,"template":"","format":"standard","meta":{"footnotes":""},"categories":[33],"tags":[],"class_list":["post-11656","post","type-post","status-publish","format-standard","has-post-thumbnail","hentry","category-politica"],"_links":{"self":[{"href":"https:\/\/ecosdelsur.com\/index.php?rest_route=\/wp\/v2\/posts\/11656","targetHints":{"allow":["GET"]}}],"collection":[{"href":"https:\/\/ecosdelsur.com\/index.php?rest_route=\/wp\/v2\/posts"}],"about":[{"href":"https:\/\/ecosdelsur.com\/index.php?rest_route=\/wp\/v2\/types\/post"}],"author":[{"embeddable":true,"href":"https:\/\/ecosdelsur.com\/index.php?rest_route=\/wp\/v2\/users\/8"}],"replies":[{"embeddable":true,"href":"https:\/\/ecosdelsur.com\/index.php?rest_route=%2Fwp%2Fv2%2Fcomments&post=11656"}],"version-history":[{"count":0,"href":"https:\/\/ecosdelsur.com\/index.php?rest_route=\/wp\/v2\/posts\/11656\/revisions"}],"wp:featuredmedia":[{"embeddable":true,"href":"https:\/\/ecosdelsur.com\/index.php?rest_route=\/wp\/v2\/media\/11657"}],"wp:attachment":[{"href":"https:\/\/ecosdelsur.com\/index.php?rest_route=%2Fwp%2Fv2%2Fmedia&parent=11656"}],"wp:term":[{"taxonomy":"category","embeddable":true,"href":"https:\/\/ecosdelsur.com\/index.php?rest_route=%2Fwp%2Fv2%2Fcategories&post=11656"},{"taxonomy":"post_tag","embeddable":true,"href":"https:\/\/ecosdelsur.com\/index.php?rest_route=%2Fwp%2Fv2%2Ftags&post=11656"}],"curies":[{"name":"wp","href":"https:\/\/api.w.org\/{rel}","templated":true}]}}