{"id":11645,"date":"2023-12-02T15:16:15","date_gmt":"2023-12-02T15:16:15","guid":{"rendered":"https:\/\/ecosdelsur.com\/?p=11645"},"modified":"2023-12-02T15:17:42","modified_gmt":"2023-12-02T15:17:42","slug":"mora-es-un-orgullo-inmenso-seguir-trabajando-por-la-provincia-que-amo","status":"publish","type":"post","link":"https:\/\/ecosdelsur.com\/?p=11645","title":{"rendered":"Mora: \u201cEs un orgullo inmenso seguir trabajando por la provincia que amo\u201d"},"content":{"rendered":"<p><span style=\"font-size: 16px;\">01\/12\/2023- <\/span><span style=\"font-size: 16px;\">La actual ministra de la Igualdad e Integraci\u00f3n, Agostina Mora, recibi\u00f3 hoy el certificado como diputada electa por distrito \u00fanico, durante el acto de proclamaci\u00f3n de autoridades provinciales y municipales que fueron electas para el periodo 2023 \u2013 2027. <img decoding=\"async\" class=\"alignnone size-full wp-image-11647 lazyload\" data-src=\"https:\/\/ecosdelsur.com\/wp-content\/uploads\/2023\/12\/20231130_ENTREGA_CERTIFICADOS_AUTORIDADES-6.jpg\" alt=\"\" width=\"1024\" height=\"613\" data-srcset=\"https:\/\/ecosdelsur.com\/wp-content\/uploads\/2023\/12\/20231130_ENTREGA_CERTIFICADOS_AUTORIDADES-6.jpg 1024w, https:\/\/ecosdelsur.com\/wp-content\/uploads\/2023\/12\/20231130_ENTREGA_CERTIFICADOS_AUTORIDADES-6-300x180.jpg 300w, https:\/\/ecosdelsur.com\/wp-content\/uploads\/2023\/12\/20231130_ENTREGA_CERTIFICADOS_AUTORIDADES-6-768x460.jpg 768w\" data-sizes=\"(max-width: 1024px) 100vw, 1024px\" src=\"data:image\/svg+xml;base64,PHN2ZyB3aWR0aD0iMSIgaGVpZ2h0PSIxIiB4bWxucz0iaHR0cDovL3d3dy53My5vcmcvMjAwMC9zdmciPjwvc3ZnPg==\" style=\"--smush-placeholder-width: 1024px; --smush-placeholder-aspect-ratio: 1024\/613;\" \/>El mismo tuvo lugar en el Gimnasio del Colegio Salesiano \u201cNuestra Se\u00f1ora de Luj\u00e1n\u201d en R\u00edo Gallegos.\u00a0 \u00a0<\/span><\/p>\n<div class=\"itemFullText\">\n<p>En ese marco, Mora expres\u00f3 que es \u201cun orgullo inmenso, una enorme responsabilidad y con convicci\u00f3n, seguir trabajando por la provincia que amo\u201d. A la vez, manifest\u00f3: \u201cTrabajamos mucho para que no sean pol\u00edticas de gobierno, sino que sean de estado y se entienda la importancia de estas acciones con el objetivo de continuar construyendo sociedades igualitarias libres de violencia que es fundamental para vivir en una sociedad que no habilite discursos de odio\u201d.<\/p>\n<p>\u201cTrabaj\u00e9 y form\u00e9 parte del equipo de transici\u00f3n y no nos manifestaron el deseo de cerrar el Ministerio de la Igualdad e Integraci\u00f3n, as\u00ed que las pol\u00edticas de genero deben continuar\u201d, agreg\u00f3.<\/p>\n<p>Finalmente, hizo el balance de su gesti\u00f3n al frente de dicha cartera. Al respecto, sostuvo: \u201cFue un a\u00f1o y medio de vida institucional muy poco para los tiempos del estado y hay que seguir profundizando acciones que nos quedaron pendientes y consolidando las que ya lanzamos\u201d.<\/p>\n<\/div>\n","protected":false},"excerpt":{"rendered":"<p>01\/12\/2023- La actual ministra de la Igualdad e Integraci\u00f3n, Agostina Mora, recibi\u00f3 hoy el certificado como diputada electa por distrito<\/p>\n","protected":false},"author":8,"featured_media":11646,"comment_status":"open","ping_status":"closed","sticky":false,"template":"","format":"standard","meta":{"footnotes":""},"categories":[87],"tags":[],"class_list":["post-11645","post","type-post","status-publish","format-standard","has-post-thumbnail","hentry","category-provinciales"],"_links":{"self":[{"href":"https:\/\/ecosdelsur.com\/index.php?rest_route=\/wp\/v2\/posts\/11645","targetHints":{"allow":["GET"]}}],"collection":[{"href":"https:\/\/ecosdelsur.com\/index.php?rest_route=\/wp\/v2\/posts"}],"about":[{"href":"https:\/\/ecosdelsur.com\/index.php?rest_route=\/wp\/v2\/types\/post"}],"author":[{"embeddable":true,"href":"https:\/\/ecosdelsur.com\/index.php?rest_route=\/wp\/v2\/users\/8"}],"replies":[{"embeddable":true,"href":"https:\/\/ecosdelsur.com\/index.php?rest_route=%2Fwp%2Fv2%2Fcomments&post=11645"}],"version-history":[{"count":0,"href":"https:\/\/ecosdelsur.com\/index.php?rest_route=\/wp\/v2\/posts\/11645\/revisions"}],"wp:featuredmedia":[{"embeddable":true,"href":"https:\/\/ecosdelsur.com\/index.php?rest_route=\/wp\/v2\/media\/11646"}],"wp:attachment":[{"href":"https:\/\/ecosdelsur.com\/index.php?rest_route=%2Fwp%2Fv2%2Fmedia&parent=11645"}],"wp:term":[{"taxonomy":"category","embeddable":true,"href":"https:\/\/ecosdelsur.com\/index.php?rest_route=%2Fwp%2Fv2%2Fcategories&post=11645"},{"taxonomy":"post_tag","embeddable":true,"href":"https:\/\/ecosdelsur.com\/index.php?rest_route=%2Fwp%2Fv2%2Ftags&post=11645"}],"curies":[{"name":"wp","href":"https:\/\/api.w.org\/{rel}","templated":true}]}}