{"id":11642,"date":"2023-12-01T23:50:41","date_gmt":"2023-12-01T23:50:41","guid":{"rendered":"https:\/\/ecosdelsur.com\/?p=11642"},"modified":"2023-12-01T23:50:41","modified_gmt":"2023-12-01T23:50:41","slug":"confirman-a-los-nuevos-funcionarios-de-claudio-vidal","status":"publish","type":"post","link":"https:\/\/ecosdelsur.com\/?p=11642","title":{"rendered":"Confirman a los nuevos funcionarios de Claudio Vidal"},"content":{"rendered":"<p>El pr\u00f3ximo 10 de diciembre, el gobernador electo Claudio Vidal, referente del partido SER, tomar\u00e1 juramento a su nuevo gabinete.<\/p>\n<p>Se trata de un hist\u00f3rico cambio de gobierno en Santa Cruz, luego de 30 a\u00f1os de permanencia del kirchnerismo.<\/p>\n<p>En ese sentido, El Diario Nuevo D\u00eda pudo confirmar a algunos de los que ser\u00e1n miembros de gabinete.<\/p>\n<p>Ministro de Gobierno: Pedro Luxen. Uno de los integrantes de la &#8220;mesa chica&#8221; del gobernador electo, quien lo acompa\u00f1a desde el Sindicato de Petroleros Privados.<\/p>\n<p>Jefe de Gabinete: Jos\u00e9 Daniel \u00c1lvarez, fue candidato a intendente de R\u00edo Gallegos en octubre y hombre de extrema confianza de Vidal.<\/p>\n<p>Ministra de Econom\u00eda: Marilina Jaramillo. Ella es la actual Tesorera del Partido SER.<\/p>\n<p>Consejo Provincial de Educaci\u00f3n: Daniel Busquet, de Encuentro Ciudadano.<\/p>\n<p>Ministro de Salud: Ariel Varela, fue candidato a la intendencia de R\u00edo Gallegos y profesional reconocido en tiempos de pandemia.<\/p>\n<p>Ministerio de Energ\u00eda, Petr\u00f3leo, Miner\u00eda y Biocombustibles: Jaime \u00c1lvarez<\/p>\n<p>Ministro de Trabajo: Julio Guti\u00e9rrez.<\/p>\n<p>Ministerio de Seguridad: Javier Pedro Pr\u00f3domo<\/p>\n<p>Ministerio de la Producci\u00f3n, Comercio e Industria: Gustavo Mart\u00ednez<\/p>\n<p>Secretar\u00eda de Medio Ambiente: Sebasti\u00e1n Georgi\u00f3n, de la zona norte de Santa Cruz; fue candidato a intendente en Truncado.<\/p>\n<p>Ministra de Desarrollo Social: Jazm\u00edn Macchiavelli<\/p>\n<p>Ministerio de Turismo o Casa de Santa Cruz: Mario Markic<\/p>\n<p>Caja de Previsi\u00f3n Social: Silvina D\u00b4Andrea.<\/p>\n","protected":false},"excerpt":{"rendered":"<p>El pr\u00f3ximo 10 de diciembre, el gobernador electo Claudio Vidal, referente del partido SER, tomar\u00e1 juramento a su nuevo gabinete.<\/p>\n","protected":false},"author":8,"featured_media":5902,"comment_status":"open","ping_status":"closed","sticky":false,"template":"","format":"standard","meta":{"footnotes":""},"categories":[33,87],"tags":[184,236,48],"class_list":["post-11642","post","type-post","status-publish","format-standard","has-post-thumbnail","hentry","category-politica","category-provinciales","tag-claudio-vidal","tag-politica","tag-santa-cruz"],"_links":{"self":[{"href":"https:\/\/ecosdelsur.com\/index.php?rest_route=\/wp\/v2\/posts\/11642","targetHints":{"allow":["GET"]}}],"collection":[{"href":"https:\/\/ecosdelsur.com\/index.php?rest_route=\/wp\/v2\/posts"}],"about":[{"href":"https:\/\/ecosdelsur.com\/index.php?rest_route=\/wp\/v2\/types\/post"}],"author":[{"embeddable":true,"href":"https:\/\/ecosdelsur.com\/index.php?rest_route=\/wp\/v2\/users\/8"}],"replies":[{"embeddable":true,"href":"https:\/\/ecosdelsur.com\/index.php?rest_route=%2Fwp%2Fv2%2Fcomments&post=11642"}],"version-history":[{"count":0,"href":"https:\/\/ecosdelsur.com\/index.php?rest_route=\/wp\/v2\/posts\/11642\/revisions"}],"wp:featuredmedia":[{"embeddable":true,"href":"https:\/\/ecosdelsur.com\/index.php?rest_route=\/wp\/v2\/media\/5902"}],"wp:attachment":[{"href":"https:\/\/ecosdelsur.com\/index.php?rest_route=%2Fwp%2Fv2%2Fmedia&parent=11642"}],"wp:term":[{"taxonomy":"category","embeddable":true,"href":"https:\/\/ecosdelsur.com\/index.php?rest_route=%2Fwp%2Fv2%2Fcategories&post=11642"},{"taxonomy":"post_tag","embeddable":true,"href":"https:\/\/ecosdelsur.com\/index.php?rest_route=%2Fwp%2Fv2%2Ftags&post=11642"}],"curies":[{"name":"wp","href":"https:\/\/api.w.org\/{rel}","templated":true}]}}