{"id":1164,"date":"2023-05-11T03:13:25","date_gmt":"2023-05-11T03:13:25","guid":{"rendered":"https:\/\/ecosdelsur.com\/?p=1164"},"modified":"2023-05-11T03:14:04","modified_gmt":"2023-05-11T03:14:04","slug":"santa-cruz-incluye-una-politica-publica-que-impacta-en-la-labor-y-vida-de-los-emprendedores","status":"publish","type":"post","link":"https:\/\/ecosdelsur.com\/?p=1164","title":{"rendered":"\u201cSanta Cruz Incluye\u201d: una pol\u00edtica p\u00fablica que impacta en la labor y vida de los emprendedores"},"content":{"rendered":"<div class=\"itemIntroText\"><img decoding=\"async\" class=\"alignnone size-medium wp-image-1165 lazyload\" data-src=\"https:\/\/ecosdelsur.com\/wp-content\/uploads\/2023\/05\/4-1-300x178.jpg\" alt=\"\" width=\"300\" height=\"178\" data-srcset=\"https:\/\/ecosdelsur.com\/wp-content\/uploads\/2023\/05\/4-1-300x178.jpg 300w, https:\/\/ecosdelsur.com\/wp-content\/uploads\/2023\/05\/4-1-768x456.jpg 768w, https:\/\/ecosdelsur.com\/wp-content\/uploads\/2023\/05\/4-1.jpg 800w\" data-sizes=\"(max-width: 300px) 100vw, 300px\" src=\"data:image\/svg+xml;base64,PHN2ZyB3aWR0aD0iMSIgaGVpZ2h0PSIxIiB4bWxucz0iaHR0cDovL3d3dy53My5vcmcvMjAwMC9zdmciPjwvc3ZnPg==\" style=\"--smush-placeholder-width: 300px; --smush-placeholder-aspect-ratio: 300\/178;\" \/> <img decoding=\"async\" class=\"alignnone size-medium wp-image-1167 lazyload\" data-src=\"https:\/\/ecosdelsur.com\/wp-content\/uploads\/2023\/05\/4-3-300x182.jpg\" alt=\"\" width=\"300\" height=\"182\" data-srcset=\"https:\/\/ecosdelsur.com\/wp-content\/uploads\/2023\/05\/4-3-300x182.jpg 300w, https:\/\/ecosdelsur.com\/wp-content\/uploads\/2023\/05\/4-3-768x466.jpg 768w, https:\/\/ecosdelsur.com\/wp-content\/uploads\/2023\/05\/4-3.jpg 800w\" data-sizes=\"(max-width: 300px) 100vw, 300px\" src=\"data:image\/svg+xml;base64,PHN2ZyB3aWR0aD0iMSIgaGVpZ2h0PSIxIiB4bWxucz0iaHR0cDovL3d3dy53My5vcmcvMjAwMC9zdmciPjwvc3ZnPg==\" style=\"--smush-placeholder-width: 300px; --smush-placeholder-aspect-ratio: 300\/182;\" \/>En esta jornada, el Gobierno de Santa Cruz entreg\u00f3 fortalecimientos a emprendedores y emprendedoras de las localidades de R\u00edo Gallegos, 28 de Noviembre y Pico Truncado. Esta acci\u00f3n se llev\u00f3 adelante en el marco del programa \u201cSanta Cruz Incluye\u201d, que se impulsa desde el Ministerio de Desarrollo Social.<\/div>\n<div class=\"itemFullText\">\n<p>En esta oportunidad, se entreg\u00f3 equipamiento para los rubros gastron\u00f3mico, textil, de carpinter\u00eda, herrer\u00eda, peluquer\u00eda y de la construcci\u00f3n, un apoyo que se traduce en la posibilidad de generar un ingreso genuino para santacruce\u00f1os y santacruce\u00f1as. Dicho equipamiento forma parte del programa \u201cSanta Cruz Incluye\u201d a trav\u00e9s de fondos UniRSE y representa una inversi\u00f3n total de $ 9.749.891,33.<\/p>\n<p>Tras la ceremonia, emprendedores y emprendedoras, contaron detalles de sus proyectos y expresaron el modo en el cual esta l\u00ednea pol\u00edtica impacta en sus vidas m\u00e1s all\u00e1 del proyecto laboral.<\/p>\n<p><strong>\u00bfQu\u00e9 dijeron los emprendedores y emprendedoras?<\/strong><\/p>\n<p><strong>Carolina Arevalo<\/strong>, quien lleva adelante el proyecto \u201cLibre Albedr\u00edo Sur\u201d y fabrica productos de cosm\u00e9tica natural y de consumo sustentable, coment\u00f3 que sus creaciones est\u00e1n compuestas por elementos extra\u00eddos de Santa Cruz y tienen el objetivo de cuidar el ambiente.<\/p>\n<p>\u201cLa verdad que este fortalecimiento es muy importante porque para nosotros los emprendedores no es f\u00e1cil. Es sabido que es muy dif\u00edcil desde comprar los insumos hasta comprar maquinaria. Maquina ya ten\u00eda, pero era una con bastante uso y ya no daba m\u00e1s. Entonces dije si me quedo sin la maquina hay parte de mi emprendimiento que va a dejar de funcionar o productos que van a ir a desaparecer, manifest\u00f3.<\/p>\n<p>Adem\u00e1s, agreg\u00f3. \u201cConoc\u00ed esta posibilidad y estoy super agradecida de que ahora en este momento me est\u00e9n dando este fortalecimiento porque realmente es as\u00ed porque voy a poder seguir fabricando almohadillas terap\u00e9uticas, antifaces, toallas, productos de higiene personal que son muy importantes y que la gente est\u00e1 llevando\u201d.<\/p>\n<p><strong>Eva Bustamante<\/strong>\u00a0es una reconocida emprendedora de la ciudad de R\u00edo Gallegos y algunas localidades de la provincia por su participaci\u00f3n en el evento \u201cSabores santacruce\u00f1os\u201d impulsado por el Ministerio de Producci\u00f3n, Comercio e Industria.<\/p>\n<p>Su proyecto se divide en dos y ambas son familiares. El primero se llama \u201cLos bombones del viejo\u201d y el segundo es \u201cLady mermelada\u201d. Como lo \u00edndica su nombre se especializan en los chocolates artesanales y reposter\u00eda.<\/p>\n<p>En primera instancia, Bustamente hizo hincapi\u00e9 en como impacta este fortalecimiento en su producci\u00f3n. \u201cA nosotros nos beneficiaron con una heladera exhibidora que nos sirve much\u00edsimo para el tema de la reposter\u00eda y conservar todo lo que son las tartas, las cremas. Tambi\u00e9n para la refrigeraci\u00f3n correspondiente\u201d, sostuvo. Asimismo, remarc\u00f3 la importancia de la presencia del Estado para impulsar a las pymes santacruce\u00f1as. \u00a0\u201cNosotros como emprendedores es importante el acompa\u00f1amiento del Estado, estamos m\u00e1s que agradecidos por todo este fortalecimiento que va permitir que el emprendimiento crezca d\u00eda a d\u00eda\u201d.<\/p>\n<p><strong>Sonia N\u00fa\u00f1ez<\/strong>\u00a0lleg\u00f3 desde Resistencia, provincia de Chaco y se radic\u00f3 en la capital de Santa Cruz con el prop\u00f3sito de sacar adelante su familia compuesta por 8 hijos. En especial por uno de ellos que est\u00e1 estudiando medicina.<\/p>\n<p>El microemprendimiento responde a las pastas, aunque tambi\u00e9n incursiona en la panader\u00eda con el nombre de \u201cRey de reyes\u201d. \u201cEs muy chiquita porque reci\u00e9n empiezo y con este fortalecimiento lo voy a incrementar m\u00e1s\u201d, subray\u00f3.<\/p>\n<p>En este sentido, a\u00f1adi\u00f3 y narr\u00f3 una situaci\u00f3n que le sucedi\u00f3 e impidi\u00f3 que produzca en grandes cantidades. \u201cMe ayuda much\u00edsimo porque tuve un accidente, me lastim\u00e9 el hombre y no puedo hacer tanto como har\u00eda con la maquina\u201d.<\/p>\n<p>Por \u00faltimo, relat\u00f3 c\u00f3mo se dio la posibilidad de obtener este fortalecimiento. \u201cSoy vendedora ambulante y fui tocando puertas hasta que un d\u00eda me dijeron porque no se presenta a Desarrollo Social. Me acerqu\u00e9 y les inform\u00e9 todo lo que necesitaba para mi emprendimiento\u201d, expuso<\/p>\n<p><strong>Gabriel Macebe<\/strong>\u00a0retorn\u00f3 a R\u00edo Gallegos luego de su paso por la Ciudad Aut\u00f3noma de Buenos Aires. Se recibi\u00f3 como dise\u00f1ador de indumentaria y especialista en gesti\u00f3n de moda. Empez\u00f3 con \u201cRumi\u201d a trabajar con materiales reciclados, desechos de textiles y ropa de segunda mano para crear nuevas prendas. El detalle es que hasta ahora lo ven\u00eda haciendo con una maquina familiar.<\/p>\n<p>\u201cLo que voy a tener es una m\u00e1quina Overlock de cuatro hilos, eso lo que me facilita much\u00edsimo el trabajo, los acabados y que mi producto termine, tenga una buena terminaci\u00f3n\u201d, argument\u00f3.<\/p>\n<p>Para cerrar destac\u00f3 el lugar de los artistas santacruce\u00f1os en sus dise\u00f1os. \u201cTrabajo tambi\u00e9n con otros artistas locales, todos artesanos, as\u00ed que tambi\u00e9n eso me ayuda un mont\u00f3n para que el producto est\u00e9 muy bueno y que represente tambi\u00e9n a la identidad patag\u00f3nica y santacruce\u00f1a\u201d<\/p>\n<p><strong>Daniel Chiarolanza<\/strong>\u00a0lanz\u00f3 su emprendimiento bajo la denominaci\u00f3n de \u201cLas Delicias\u201d. Es un plan familiar y lo ven\u00eda hablando hace bastante tiempo con su foro \u00edntimo. Aunque todo fue m\u00e1s claro cuando lo despidieron de su trabajo por haber sido diagnosticado de c\u00e1ncer.<\/p>\n<p>\u201cEl aporte que me estar\u00edan dando ser\u00eda un horno con cocina, con plancha. Tambi\u00e9n tipo una carlitera para tostar el pan y una freidora\u201d.<\/p>\n<p>\u201cCreo que esto va a seguir d\u00e1ndome fuerzas an\u00edmicamente y para seguir adelante. Quiero agradecerle al ministerio de Desarrollo Social y en este caso, a la gobernadora Alicia Kirchner\u201d, consider\u00f3:<\/p>\n<p><strong>Fuente: AMA Santa Cruz<\/strong><\/p>\n<\/div>\n","protected":false},"excerpt":{"rendered":"<p>En esta jornada, el Gobierno de Santa Cruz entreg\u00f3 fortalecimientos a emprendedores y emprendedoras de las localidades de R\u00edo Gallegos,<\/p>\n","protected":false},"author":8,"featured_media":1168,"comment_status":"open","ping_status":"closed","sticky":false,"template":"","format":"standard","meta":{"footnotes":""},"categories":[1],"tags":[],"class_list":["post-1164","post","type-post","status-publish","format-standard","has-post-thumbnail","hentry","category-uncategorized"],"_links":{"self":[{"href":"https:\/\/ecosdelsur.com\/index.php?rest_route=\/wp\/v2\/posts\/1164","targetHints":{"allow":["GET"]}}],"collection":[{"href":"https:\/\/ecosdelsur.com\/index.php?rest_route=\/wp\/v2\/posts"}],"about":[{"href":"https:\/\/ecosdelsur.com\/index.php?rest_route=\/wp\/v2\/types\/post"}],"author":[{"embeddable":true,"href":"https:\/\/ecosdelsur.com\/index.php?rest_route=\/wp\/v2\/users\/8"}],"replies":[{"embeddable":true,"href":"https:\/\/ecosdelsur.com\/index.php?rest_route=%2Fwp%2Fv2%2Fcomments&post=1164"}],"version-history":[{"count":0,"href":"https:\/\/ecosdelsur.com\/index.php?rest_route=\/wp\/v2\/posts\/1164\/revisions"}],"wp:featuredmedia":[{"embeddable":true,"href":"https:\/\/ecosdelsur.com\/index.php?rest_route=\/wp\/v2\/media\/1168"}],"wp:attachment":[{"href":"https:\/\/ecosdelsur.com\/index.php?rest_route=%2Fwp%2Fv2%2Fmedia&parent=1164"}],"wp:term":[{"taxonomy":"category","embeddable":true,"href":"https:\/\/ecosdelsur.com\/index.php?rest_route=%2Fwp%2Fv2%2Fcategories&post=1164"},{"taxonomy":"post_tag","embeddable":true,"href":"https:\/\/ecosdelsur.com\/index.php?rest_route=%2Fwp%2Fv2%2Ftags&post=1164"}],"curies":[{"name":"wp","href":"https:\/\/api.w.org\/{rel}","templated":true}]}}