{"id":11637,"date":"2023-12-01T20:35:15","date_gmt":"2023-12-01T20:35:15","guid":{"rendered":"https:\/\/ecosdelsur.com\/?p=11637"},"modified":"2023-12-01T20:49:15","modified_gmt":"2023-12-01T20:49:15","slug":"vidal-y-embajador-chino-acordaron-acciones-para-finalizar-las-represas","status":"publish","type":"post","link":"https:\/\/ecosdelsur.com\/?p=11637","title":{"rendered":"Vidal y embajador chino acordaron acciones para finalizar las represas"},"content":{"rendered":"<p>01\/12\/2023-El gobernador electo de Santa Cruz, Claudio Vidal, visit\u00f3 la embajada de la Rep\u00fablica Popular China en Buenos Aires y mantuvo un encuentro con el embajador Wang Wei, con quien analiz\u00f3 el avance de obras en las represas hidroel\u00e9ctricas y las perspectivas de que puedan llegar nuevas inversiones para esta provincia.<img decoding=\"async\" class=\"size-full wp-image-11638 aligncenter lazyload\" data-src=\"https:\/\/ecosdelsur.com\/wp-content\/uploads\/2023\/12\/cla.jpg\" alt=\"\" width=\"764\" height=\"408\" data-srcset=\"https:\/\/ecosdelsur.com\/wp-content\/uploads\/2023\/12\/cla.jpg 764w, https:\/\/ecosdelsur.com\/wp-content\/uploads\/2023\/12\/cla-300x160.jpg 300w\" data-sizes=\"(max-width: 764px) 100vw, 764px\" src=\"data:image\/svg+xml;base64,PHN2ZyB3aWR0aD0iMSIgaGVpZ2h0PSIxIiB4bWxucz0iaHR0cDovL3d3dy53My5vcmcvMjAwMC9zdmciPjwvc3ZnPg==\" style=\"--smush-placeholder-width: 764px; --smush-placeholder-aspect-ratio: 764\/408;\" \/><\/p>\n<p>Al concluir la reuni\u00f3n realizada a mediados de semana, el gobernador electo de Santa Cruz, Claudio Vidal, manifest\u00f3 que \u201cexisten temas urgentes y sensibles que debemos resolver y cuestiones de pol\u00edticas a largo plazo de las que China puede formar parte si lo desea\u201d.<\/p>\n<p>En ese sentido, record\u00f3 que \u201ctenemos una amplia agenda de cooperaci\u00f3n y desarrollo entre los dos estados, tanto en lo p\u00fablico como en lo privado, y es necesario seguir avanzando ya que Santa Cruz necesita producir y vender\u201d, en base a sus recursos naturales y humanos.<\/p>\n<p>Respecto de las represas hidroel\u00e9ctricas N\u00e9stor Kirchner y Jorge Cepernic -que se iniciaron con inversiones chinas-, Vidal reiter\u00f3 que es necesario terminarlas para que suministren energ\u00eda a todo el pa\u00eds, e incluso que la misma pueda exportarse.<\/p>\n<p>Por ello le transmiti\u00f3 al embajador Wang Wei la preocupaci\u00f3n que existe por los conflictos laborales que se est\u00e1n registrando en las obras, lo cual genera una situaci\u00f3n de incertidumbre para miles de trabajadores que directa e indirectamente dependen de las mismas.<\/p>\n<p>El embajador, seg\u00fan se indica en el informe de prensa, le manifest\u00f3 que su gobierno tiene la firme decisi\u00f3n de continuar las obras y adem\u00e1s le confi\u00f3 que las mismas podr\u00edan estar terminadas en los primeros meses de 2026.<\/p>\n","protected":false},"excerpt":{"rendered":"<p>01\/12\/2023-El gobernador electo de Santa Cruz, Claudio Vidal, visit\u00f3 la embajada de la Rep\u00fablica Popular China en Buenos Aires y<\/p>\n","protected":false},"author":8,"featured_media":11638,"comment_status":"open","ping_status":"closed","sticky":false,"template":"","format":"standard","meta":{"footnotes":""},"categories":[39],"tags":[],"class_list":["post-11637","post","type-post","status-publish","format-standard","has-post-thumbnail","hentry","category-tecnologia"],"_links":{"self":[{"href":"https:\/\/ecosdelsur.com\/index.php?rest_route=\/wp\/v2\/posts\/11637","targetHints":{"allow":["GET"]}}],"collection":[{"href":"https:\/\/ecosdelsur.com\/index.php?rest_route=\/wp\/v2\/posts"}],"about":[{"href":"https:\/\/ecosdelsur.com\/index.php?rest_route=\/wp\/v2\/types\/post"}],"author":[{"embeddable":true,"href":"https:\/\/ecosdelsur.com\/index.php?rest_route=\/wp\/v2\/users\/8"}],"replies":[{"embeddable":true,"href":"https:\/\/ecosdelsur.com\/index.php?rest_route=%2Fwp%2Fv2%2Fcomments&post=11637"}],"version-history":[{"count":0,"href":"https:\/\/ecosdelsur.com\/index.php?rest_route=\/wp\/v2\/posts\/11637\/revisions"}],"wp:featuredmedia":[{"embeddable":true,"href":"https:\/\/ecosdelsur.com\/index.php?rest_route=\/wp\/v2\/media\/11638"}],"wp:attachment":[{"href":"https:\/\/ecosdelsur.com\/index.php?rest_route=%2Fwp%2Fv2%2Fmedia&parent=11637"}],"wp:term":[{"taxonomy":"category","embeddable":true,"href":"https:\/\/ecosdelsur.com\/index.php?rest_route=%2Fwp%2Fv2%2Fcategories&post=11637"},{"taxonomy":"post_tag","embeddable":true,"href":"https:\/\/ecosdelsur.com\/index.php?rest_route=%2Fwp%2Fv2%2Ftags&post=11637"}],"curies":[{"name":"wp","href":"https:\/\/api.w.org\/{rel}","templated":true}]}}