{"id":1156,"date":"2023-05-11T02:59:17","date_gmt":"2023-05-11T02:59:17","guid":{"rendered":"https:\/\/ecosdelsur.com\/?p=1156"},"modified":"2023-05-11T03:04:30","modified_gmt":"2023-05-11T03:04:30","slug":"la-casa-de-santa-cruz-acompana-las-actividades-culturales-y-promueve-el-turismo-de-rio-turbio","status":"publish","type":"post","link":"https:\/\/ecosdelsur.com\/?p=1156","title":{"rendered":"La Casa de Santa Cruz acompa\u00f1a las actividades culturales y promueve el turismo de R\u00edo Turbio"},"content":{"rendered":"<div class=\"itemIntroText\">El director de la Casa de Santa Cruz, Andr\u00e9s La Blunda, y la responsable de Cultura, Adriana Soto, se reunieron con el secretario de Turismo de la Municipalidad de R\u00edo Turbio, Ricardo D\u00edaz. El mismo visit\u00f3 la instituci\u00f3n provincial en el marco de la agenda de trabajo que desarrolla en la ciudad de Buenos Aires. En la oportunidad, dialogaron acerca de las acciones que se impulsan para fomentar la cultura y el turismo en la localidad.<\/div>\n<div class=\"itemFullText\">\n<p>Durante la reuni\u00f3n, se focaliz\u00f3 la atenci\u00f3n en la Feria del Libro de R\u00edo Turbio, programada desde el 1\u00b0 al 3 de junio. En ese contexto, el funcionario municipal invit\u00f3 a Juan Parengo, a presentar el libro \u201cViajemos\u201d. En el mismo, se acopian los relatos de las aventuras del Se\u00f1or de la Casa de Santa Cruz por la provincia, sus rincones y sus habitantes. Al respecto, D\u00edaz destac\u00f3 las visitas de Parengo a R\u00edo Turbio y la continua difusi\u00f3n por parte del equipo de trabajo de la sede santacruce\u00f1a en Buenos Aires respecto de las acciones de fomento cultural y tur\u00edstico que implementan desde R\u00edo Turbio.<\/p>\n<p>Adem\u00e1s, el funcionario adelanto que preparan el X\u00b0 Encuentro Binacional de Orquestas Latinoamericanas de la Patagonia, que se llevar\u00e1 a cabo en el pr\u00f3ximo mes de septiembre. El lanzamiento oficial de este evento est\u00e1 programado para los d\u00edas 24, 25 y 26 de mayo, y se espera la participaci\u00f3n de talentosos m\u00fasicos de toda la regi\u00f3n patag\u00f3nica.<\/p>\n<p>La Blunda agradeci\u00f3 las invitaciones, y le manifest\u00f3 al funcionario la colaboraci\u00f3n de todas las \u00e1reas de la Casa de Santa Cruz para continuar potenciando los atractivos tur\u00edsticos con los que cuenta la cuenca tendiente a fomentar el desarrollo econ\u00f3mico y el enriquecimiento cultural de la comunidad local.<\/p>\n<p>&nbsp;<\/p>\n<\/div>\n","protected":false},"excerpt":{"rendered":"<p>El director de la Casa de Santa Cruz, Andr\u00e9s La Blunda, y la responsable de Cultura, Adriana Soto, se reunieron<\/p>\n","protected":false},"author":8,"featured_media":1157,"comment_status":"open","ping_status":"closed","sticky":false,"template":"","format":"standard","meta":{"footnotes":""},"categories":[35],"tags":[83],"class_list":["post-1156","post","type-post","status-publish","format-standard","has-post-thumbnail","hentry","category-sociedad","tag-casa-de-santa-cruz"],"_links":{"self":[{"href":"https:\/\/ecosdelsur.com\/index.php?rest_route=\/wp\/v2\/posts\/1156","targetHints":{"allow":["GET"]}}],"collection":[{"href":"https:\/\/ecosdelsur.com\/index.php?rest_route=\/wp\/v2\/posts"}],"about":[{"href":"https:\/\/ecosdelsur.com\/index.php?rest_route=\/wp\/v2\/types\/post"}],"author":[{"embeddable":true,"href":"https:\/\/ecosdelsur.com\/index.php?rest_route=\/wp\/v2\/users\/8"}],"replies":[{"embeddable":true,"href":"https:\/\/ecosdelsur.com\/index.php?rest_route=%2Fwp%2Fv2%2Fcomments&post=1156"}],"version-history":[{"count":0,"href":"https:\/\/ecosdelsur.com\/index.php?rest_route=\/wp\/v2\/posts\/1156\/revisions"}],"wp:featuredmedia":[{"embeddable":true,"href":"https:\/\/ecosdelsur.com\/index.php?rest_route=\/wp\/v2\/media\/1157"}],"wp:attachment":[{"href":"https:\/\/ecosdelsur.com\/index.php?rest_route=%2Fwp%2Fv2%2Fmedia&parent=1156"}],"wp:term":[{"taxonomy":"category","embeddable":true,"href":"https:\/\/ecosdelsur.com\/index.php?rest_route=%2Fwp%2Fv2%2Fcategories&post=1156"},{"taxonomy":"post_tag","embeddable":true,"href":"https:\/\/ecosdelsur.com\/index.php?rest_route=%2Fwp%2Fv2%2Ftags&post=1156"}],"curies":[{"name":"wp","href":"https:\/\/api.w.org\/{rel}","templated":true}]}}