{"id":1148,"date":"2023-05-11T02:48:55","date_gmt":"2023-05-11T02:48:55","guid":{"rendered":"https:\/\/ecosdelsur.com\/?p=1148"},"modified":"2023-05-11T02:49:21","modified_gmt":"2023-05-11T02:49:21","slug":"alicia-recibio-la-visita-protocolar-de-integrantes-de-la-plana-mayor-de-prefectura-naval-argentina","status":"publish","type":"post","link":"https:\/\/ecosdelsur.com\/?p=1148","title":{"rendered":"Alicia recibi\u00f3 la visita protocolar de integrantes de la plana mayor de Prefectura Naval Argentina"},"content":{"rendered":"<p><img decoding=\"async\" class=\"alignnone size-medium wp-image-1150 lazyload\" data-src=\"https:\/\/ecosdelsur.com\/wp-content\/uploads\/2023\/05\/pna-2-300x179.jpg\" alt=\"\" width=\"300\" height=\"179\" data-srcset=\"https:\/\/ecosdelsur.com\/wp-content\/uploads\/2023\/05\/pna-2-300x179.jpg 300w, https:\/\/ecosdelsur.com\/wp-content\/uploads\/2023\/05\/pna-2-768x457.jpg 768w, https:\/\/ecosdelsur.com\/wp-content\/uploads\/2023\/05\/pna-2.jpg 800w\" data-sizes=\"(max-width: 300px) 100vw, 300px\" src=\"data:image\/svg+xml;base64,PHN2ZyB3aWR0aD0iMSIgaGVpZ2h0PSIxIiB4bWxucz0iaHR0cDovL3d3dy53My5vcmcvMjAwMC9zdmciPjwvc3ZnPg==\" style=\"--smush-placeholder-width: 300px; --smush-placeholder-aspect-ratio: 300\/179;\" \/> <img decoding=\"async\" class=\"alignnone size-medium wp-image-1151 lazyload\" data-src=\"https:\/\/ecosdelsur.com\/wp-content\/uploads\/2023\/05\/pna-3-300x189.jpg\" alt=\"\" width=\"300\" height=\"189\" data-srcset=\"https:\/\/ecosdelsur.com\/wp-content\/uploads\/2023\/05\/pna-3-300x189.jpg 300w, https:\/\/ecosdelsur.com\/wp-content\/uploads\/2023\/05\/pna-3-768x483.jpg 768w, https:\/\/ecosdelsur.com\/wp-content\/uploads\/2023\/05\/pna-3.jpg 800w\" data-sizes=\"(max-width: 300px) 100vw, 300px\" src=\"data:image\/svg+xml;base64,PHN2ZyB3aWR0aD0iMSIgaGVpZ2h0PSIxIiB4bWxucz0iaHR0cDovL3d3dy53My5vcmcvMjAwMC9zdmciPjwvc3ZnPg==\" style=\"--smush-placeholder-width: 300px; --smush-placeholder-aspect-ratio: 300\/189;\" \/><\/p>\n<div class=\"itemIntroText\">En esta jornada, la gobernadora Alicia Kirchner se reuni\u00f3 con el director de la Regi\u00f3n Sur, prefecto mayor, Carlos Salaburu; y el jefe de la Prefectura de Zona Mar Argentino Sur, prefecto mayor N\u00e9stor Kiferling, en el Sal\u00f3n de los Escudos de Casa de Gobierno. En la ocasi\u00f3n dialogaron acerca de diversos temas, focalizando especial atenci\u00f3n en la seguridad de los puertos de la provincia.<\/div>\n<div class=\"itemFullText\">\n<p>Durante el encuentro, la mandataria provincial fue acompa\u00f1ada por el ministro de Seguridad, Luca Pratti.<\/p>\n<p>En ese contexto, el prefecto mayor Carlos Salaburu destac\u00f3 que se sinti\u00f3 halagado por haber sido recibido por la Gobernadora en su paso por la ciudad de R\u00edo Gallegos. \u201cHicimos entrega a la gobernadora de un cuadro que simboliza el lugar donde se cant\u00f3 por primera vez el Himno Nacional Argentino. Esta visita es protocolar y es una se\u00f1al de respeto. Hemos manifestado el apoyo por parte de Prefectura, que ac\u00e1 en el sur cuenta con muchos puertos, como el pesquero, petrolero y tur\u00edsticos, donde la fuerza vela por la seguridad\u201d, expres\u00f3.<\/p>\n<p>Por su parte, el prefecto Mayor de Zona Sur Mar Argentino, N\u00e9stor Kiferling, expres\u00f3 estar muy agradecido por la recepci\u00f3n y m\u00e1s all\u00e1 de los aspectos protocolares, \u201cpudimos charlas acerca de las tareas propias que tiene la Prefectura en el \u00e1mbito jurisdiccional como los puertos y dependencias que est\u00e1n a mi cargo, desde la Bah\u00eda Camarones del Chubut, hasta Ushuaia y todos los puertos de Santa Cruz\u201d.<\/p>\n<p>En referencia a los trabajos que lleva adelante la Fuerza, explic\u00f3 que dentro de las obligaciones propias que impone la Ley que da marco a la funci\u00f3n y tareas diarias, pusieron a disposici\u00f3n del Ministro de Seguridad y de la comunidad, todo el recurso humano y equipo con el que cuentan en la dependencia a su mando.<\/p>\n<p><strong>Fuente: AMA Santa Cruz<\/strong><\/p>\n<\/div>\n","protected":false},"excerpt":{"rendered":"<p>En esta jornada, la gobernadora Alicia Kirchner se reuni\u00f3 con el director de la Regi\u00f3n Sur, prefecto mayor, Carlos Salaburu;<\/p>\n","protected":false},"author":8,"featured_media":1152,"comment_status":"open","ping_status":"closed","sticky":false,"template":"","format":"standard","meta":{"footnotes":""},"categories":[35],"tags":[],"class_list":["post-1148","post","type-post","status-publish","format-standard","has-post-thumbnail","hentry","category-sociedad"],"_links":{"self":[{"href":"https:\/\/ecosdelsur.com\/index.php?rest_route=\/wp\/v2\/posts\/1148","targetHints":{"allow":["GET"]}}],"collection":[{"href":"https:\/\/ecosdelsur.com\/index.php?rest_route=\/wp\/v2\/posts"}],"about":[{"href":"https:\/\/ecosdelsur.com\/index.php?rest_route=\/wp\/v2\/types\/post"}],"author":[{"embeddable":true,"href":"https:\/\/ecosdelsur.com\/index.php?rest_route=\/wp\/v2\/users\/8"}],"replies":[{"embeddable":true,"href":"https:\/\/ecosdelsur.com\/index.php?rest_route=%2Fwp%2Fv2%2Fcomments&post=1148"}],"version-history":[{"count":0,"href":"https:\/\/ecosdelsur.com\/index.php?rest_route=\/wp\/v2\/posts\/1148\/revisions"}],"wp:featuredmedia":[{"embeddable":true,"href":"https:\/\/ecosdelsur.com\/index.php?rest_route=\/wp\/v2\/media\/1152"}],"wp:attachment":[{"href":"https:\/\/ecosdelsur.com\/index.php?rest_route=%2Fwp%2Fv2%2Fmedia&parent=1148"}],"wp:term":[{"taxonomy":"category","embeddable":true,"href":"https:\/\/ecosdelsur.com\/index.php?rest_route=%2Fwp%2Fv2%2Fcategories&post=1148"},{"taxonomy":"post_tag","embeddable":true,"href":"https:\/\/ecosdelsur.com\/index.php?rest_route=%2Fwp%2Fv2%2Ftags&post=1148"}],"curies":[{"name":"wp","href":"https:\/\/api.w.org\/{rel}","templated":true}]}}