{"id":1143,"date":"2023-05-11T02:33:03","date_gmt":"2023-05-11T02:33:03","guid":{"rendered":"https:\/\/ecosdelsur.com\/?p=1143"},"modified":"2023-05-11T02:33:11","modified_gmt":"2023-05-11T02:33:11","slug":"volco-camioneta-de-empresa-petrolera-que-era-guiada-por-una-mujer","status":"publish","type":"post","link":"https:\/\/ecosdelsur.com\/?p=1143","title":{"rendered":"Volc\u00f3 camioneta de empresa petrolera que era guiada por una mujer"},"content":{"rendered":"<p>&nbsp;<\/p>\n<p><img decoding=\"async\" class=\"size-medium wp-image-1144 aligncenter lazyload\" data-src=\"https:\/\/ecosdelsur.com\/wp-content\/uploads\/2023\/05\/camioneta-1-300x189.jpeg\" alt=\"\" width=\"300\" height=\"189\" data-srcset=\"https:\/\/ecosdelsur.com\/wp-content\/uploads\/2023\/05\/camioneta-1-300x189.jpeg 300w, https:\/\/ecosdelsur.com\/wp-content\/uploads\/2023\/05\/camioneta-1-768x483.jpeg 768w, https:\/\/ecosdelsur.com\/wp-content\/uploads\/2023\/05\/camioneta-1.jpeg 800w\" data-sizes=\"(max-width: 300px) 100vw, 300px\" src=\"data:image\/svg+xml;base64,PHN2ZyB3aWR0aD0iMSIgaGVpZ2h0PSIxIiB4bWxucz0iaHR0cDovL3d3dy53My5vcmcvMjAwMC9zdmciPjwvc3ZnPg==\" style=\"--smush-placeholder-width: 300px; --smush-placeholder-aspect-ratio: 300\/189;\" \/><\/p>\n<p>El accidente vial se registr\u00f3 en la Ruta Provincial N\u00b0 43, a la altura del Parque E\u00f3lico &#8220;Los H\u00e9rcules&#8221;, ubicado en inmediaciones de la localidad de Koluel Kaike.<\/p>\n<p>Por causas que se tratan de establecer, una camioneta 4&#215;4 marca Toyota Hilux, propiedad de la empresa de servicios petroleros AESA, con base en Las Heras, se despist\u00f3 y volc\u00f3 quedando seriamente da\u00f1ada fuera del pavimento.<\/p>\n<p>Pudo saberse que era conducida por una mujer, identificada como Noelia Costillas de 36 a\u00f1os.<\/p>\n<p>En pocos minutos se hizo presente en el lugar personal de la Subcomisar\u00eda de Koluel Kaike, constatando que permanec\u00eda dentro de la cabina y r\u00e1pidamente procedieron a realizar las tareas de rescate junto a bomberos de la Divisi\u00f3n N\u00b0 23.<\/p>\n<p>La mujer fue inmovilizada con la utilizaci\u00f3n de un chaleco de estricaci\u00f3n y una tabla r\u00edgida, para luego ser evacuada en ambulancia hacia el Hospital de Pico Truncado.<\/p>\n<p>De acuerdo a los primeros informes, no habr\u00eda sufrido lesiones de gravedad, aunque hasta avanzada la tarde no se hab\u00eda suministrado un parte m\u00e9dico.<\/p>\n","protected":false},"excerpt":{"rendered":"<p>&nbsp; El accidente vial se registr\u00f3 en la Ruta Provincial N\u00b0 43, a la altura del Parque E\u00f3lico &#8220;Los H\u00e9rcules&#8221;,<\/p>\n","protected":false},"author":8,"featured_media":1145,"comment_status":"open","ping_status":"closed","sticky":false,"template":"","format":"standard","meta":{"footnotes":""},"categories":[36],"tags":[],"class_list":["post-1143","post","type-post","status-publish","format-standard","has-post-thumbnail","hentry","category-policiales"],"_links":{"self":[{"href":"https:\/\/ecosdelsur.com\/index.php?rest_route=\/wp\/v2\/posts\/1143","targetHints":{"allow":["GET"]}}],"collection":[{"href":"https:\/\/ecosdelsur.com\/index.php?rest_route=\/wp\/v2\/posts"}],"about":[{"href":"https:\/\/ecosdelsur.com\/index.php?rest_route=\/wp\/v2\/types\/post"}],"author":[{"embeddable":true,"href":"https:\/\/ecosdelsur.com\/index.php?rest_route=\/wp\/v2\/users\/8"}],"replies":[{"embeddable":true,"href":"https:\/\/ecosdelsur.com\/index.php?rest_route=%2Fwp%2Fv2%2Fcomments&post=1143"}],"version-history":[{"count":0,"href":"https:\/\/ecosdelsur.com\/index.php?rest_route=\/wp\/v2\/posts\/1143\/revisions"}],"wp:featuredmedia":[{"embeddable":true,"href":"https:\/\/ecosdelsur.com\/index.php?rest_route=\/wp\/v2\/media\/1145"}],"wp:attachment":[{"href":"https:\/\/ecosdelsur.com\/index.php?rest_route=%2Fwp%2Fv2%2Fmedia&parent=1143"}],"wp:term":[{"taxonomy":"category","embeddable":true,"href":"https:\/\/ecosdelsur.com\/index.php?rest_route=%2Fwp%2Fv2%2Fcategories&post=1143"},{"taxonomy":"post_tag","embeddable":true,"href":"https:\/\/ecosdelsur.com\/index.php?rest_route=%2Fwp%2Fv2%2Ftags&post=1143"}],"curies":[{"name":"wp","href":"https:\/\/api.w.org\/{rel}","templated":true}]}}