{"id":1135,"date":"2023-05-10T03:52:09","date_gmt":"2023-05-10T03:52:09","guid":{"rendered":"https:\/\/ecosdelsur.com\/?p=1135"},"modified":"2023-05-10T03:52:15","modified_gmt":"2023-05-10T03:52:15","slug":"fernando-cotillo-hemos-saneado-la-administracion-y-estamos-cumpliendo-con-lo-que-dijimos-en-campana","status":"publish","type":"post","link":"https:\/\/ecosdelsur.com\/?p=1135","title":{"rendered":"Fernando Cotillo: &#8220;Hemos saneado la Administraci\u00f3n y estamos cumpliendo con lo que dijimos en campa\u00f1a&#8221;"},"content":{"rendered":"<p class=\"ydpef4cff39yiv7964103633MsoNormal\"><i><span class=\"ydpef4cff39yiv7964103633ContentPasted0\" lang=\"ES\">El jefe comunal caletense habl\u00f3 de las obras p\u00fablicas en Caleta Olivia y de c\u00f3mo el programa &#8220;M\u00e1s Cerca&#8221; est\u00e1 llegando a los vecinos. Adem\u00e1s, anticip\u00f3 que habr\u00e1 novedades en negociaciones salariales. \u00a0<\/span><\/i><\/p>\n<p class=\"ydpef4cff39yiv7964103633MsoNormal\"><span class=\"ydpef4cff39yiv7964103633ContentPasted0\" lang=\"ES\">El intendente de Caleta Olivia, Fernando Cotillo, recorri\u00f3 las obras de la rotonda del barrio 8 de Julio, en donde los agentes comunales realizan el hormigonado de la calle principal Humberto Beghin. \u00a0<\/span><\/p>\n<p class=\"ydpef4cff39yiv7964103633MsoNormal\"><span class=\"ydpef4cff39yiv7964103633ContentPasted0\" lang=\"ES\">All\u00ed destac\u00f3 la importancia de \u201c<b><i class=\"ydpef4cff39yiv7964103633ContentPasted0\">cumplir con lo prometido durante la campa\u00f1a electoral\u201d<\/i><\/b>. Cotillo se\u00f1al\u00f3 que, luego de\u00a0<b><i class=\"ydpef4cff39yiv7964103633ContentPasted0\">\u201cun arduo trabajo para sanear la administraci\u00f3n municipal en aspectos financieros y de empleados\u201d<\/i><\/b>, ahora cuentan\u00a0<b><i class=\"ydpef4cff39yiv7964103633ContentPasted0\">\u201ccon un panorama m\u00e1s claro\u201d<\/i><\/b>\u00a0que les permite\u00a0<b><i class=\"ydpef4cff39yiv7964103633ContentPasted0\">\u201cavanzar en obras pendientes, como esta rotonda que divide a la ciudad en gran parte\u201d<\/i><\/b>. \u00a0<\/span><\/p>\n<p class=\"ydpef4cff39yiv7964103633MsoNormal\"><span class=\"ydpef4cff39yiv7964103633ContentPasted0\" lang=\"ES\">El intendente enfatiz\u00f3 que la obra se est\u00e1 realizando por Administraci\u00f3n Municipal, con su propio personal y recursos,\u00a0<b><i class=\"ydpef4cff39yiv7964103633ContentPasted0\">\u201clo que demuestra es que se pueden hacer las cosas desde adentro\u201d. \u00a0<\/i><\/b><\/span><\/p>\n<p class=\"ydpef4cff39yiv7964103633MsoNormal\"><span class=\"ydpef4cff39yiv7964103633ContentPasted0\" lang=\"ES\">Asimismo, Cotillo se refiri\u00f3 a la divisi\u00f3n de la Secretar\u00eda de Obras P\u00fablicas en dos \u00e1reas,\u00a0<b><i class=\"ydpef4cff39yiv7964103633ContentPasted0\">\u201cuna para prestar m\u00e1s atenci\u00f3n al pavimento y otra para el mantenimiento de las obras p\u00fablicas\u201d.<\/i><\/b>\u00a0<span lang=\"ES\">Al mismo tiempo<\/span>, explic\u00f3 que esta nueva organizaci\u00f3n del organigrama comunal\u00a0<b><i class=\"ydpef4cff39yiv7964103633ContentPasted0\">\u201cpermite intervenir en aquellas cuadras que tienen cordones cunetas hist\u00f3ricos, y el acceso a Zona de Chacras, donde se comenzar\u00e1 a pavimentar la pr\u00f3xima semana la calle Nehu\u00e9n\u201d.<\/i><\/b>\u00a0\u00a0<\/span><\/p>\n<p class=\"ydpef4cff39yiv7964103633MsoNormal\"><b><span class=\"ydpef4cff39yiv7964103633ContentPasted0\" lang=\"ES\">Programa M\u00e1s Cerca \u00a0<\/span><\/b><\/p>\n<p class=\"ydpef4cff39yiv7964103633MsoNormal\"><span class=\"ydpef4cff39yiv7964103633ContentPasted0\" lang=\"ES\">Paralelamente, el programa \u201cM\u00e1s Cerca\u201d fue destacado por el Primer Mandatario, quien se\u00f1al\u00f3 que\u00a0<b><i class=\"ydpef4cff39yiv7964103633ContentPasted0\">\u201clos vecinos lo han tomado como algo propio\u201d. \u00a0<\/i><\/b><\/span><\/p>\n<p class=\"ydpef4cff39yiv7964103633MsoNormal\"><b><i><span class=\"ydpef4cff39yiv7964103633ContentPasted0\" lang=\"ES\">\u201cEl M\u00e1s Cerca tiene dos aristas: La primera es llevar los servicios esenciales de la Municipalidad, como Rentas, Inmobiliario, Tierras y Medio Ambiente, entre otros; y la segunda es escuchar las inquietudes de los vecinos para poder solucionarlas en el corto plazo<\/span><\/i><\/b><span class=\"ydpef4cff39yiv7964103633ContentPasted0\" lang=\"ES\">\u201d. \u00a0<\/span><\/p>\n<p class=\"ydpef4cff39yiv7964103633MsoNormal\"><span class=\"ydpef4cff39yiv7964103633ContentPasted0\" lang=\"ES\">Cotillo destac\u00f3 la importancia de llevar adelante este dispositivo,\u00a0<b><i class=\"ydpef4cff39yiv7964103633ContentPasted0\">\u201cno solo desde el punto de vista de las obras que se puedan hacer, como la pavimentaci\u00f3n o la iluminaci\u00f3n de un parque, sino tambi\u00e9n para dar respuesta a las necesidades puntuales de los vecinos de un sector\u201d. \u00a0<\/i><\/b><\/span><\/p>\n<p class=\"ydpef4cff39yiv7964103633MsoNormal\"><span lang=\"ES\">\u00a0<\/span><\/p>\n<p class=\"ydpef4cff39yiv7964103633MsoNormal\"><img decoding=\"async\" class=\"size-medium wp-image-1136 aligncenter lazyload\" data-src=\"https:\/\/ecosdelsur.com\/wp-content\/uploads\/2023\/05\/Obra-Rotonda-300x157.jpeg\" alt=\"\" width=\"300\" height=\"157\" data-srcset=\"https:\/\/ecosdelsur.com\/wp-content\/uploads\/2023\/05\/Obra-Rotonda-300x157.jpeg 300w, https:\/\/ecosdelsur.com\/wp-content\/uploads\/2023\/05\/Obra-Rotonda-scaled.jpeg 1024w, https:\/\/ecosdelsur.com\/wp-content\/uploads\/2023\/05\/Obra-Rotonda-768x402.jpeg 768w, https:\/\/ecosdelsur.com\/wp-content\/uploads\/2023\/05\/Obra-Rotonda-390x205.jpeg 390w\" data-sizes=\"(max-width: 300px) 100vw, 300px\" src=\"data:image\/svg+xml;base64,PHN2ZyB3aWR0aD0iMSIgaGVpZ2h0PSIxIiB4bWxucz0iaHR0cDovL3d3dy53My5vcmcvMjAwMC9zdmciPjwvc3ZnPg==\" style=\"--smush-placeholder-width: 300px; --smush-placeholder-aspect-ratio: 300\/157;\" \/><\/p>\n","protected":false},"excerpt":{"rendered":"<p>El jefe comunal caletense habl\u00f3 de las obras p\u00fablicas en Caleta Olivia y de c\u00f3mo el programa &#8220;M\u00e1s Cerca&#8221; est\u00e1<\/p>\n","protected":false},"author":8,"featured_media":1137,"comment_status":"open","ping_status":"closed","sticky":false,"template":"","format":"standard","meta":{"footnotes":""},"categories":[40],"tags":[],"class_list":["post-1135","post","type-post","status-publish","format-standard","has-post-thumbnail","hentry","category-municipales"],"_links":{"self":[{"href":"https:\/\/ecosdelsur.com\/index.php?rest_route=\/wp\/v2\/posts\/1135","targetHints":{"allow":["GET"]}}],"collection":[{"href":"https:\/\/ecosdelsur.com\/index.php?rest_route=\/wp\/v2\/posts"}],"about":[{"href":"https:\/\/ecosdelsur.com\/index.php?rest_route=\/wp\/v2\/types\/post"}],"author":[{"embeddable":true,"href":"https:\/\/ecosdelsur.com\/index.php?rest_route=\/wp\/v2\/users\/8"}],"replies":[{"embeddable":true,"href":"https:\/\/ecosdelsur.com\/index.php?rest_route=%2Fwp%2Fv2%2Fcomments&post=1135"}],"version-history":[{"count":0,"href":"https:\/\/ecosdelsur.com\/index.php?rest_route=\/wp\/v2\/posts\/1135\/revisions"}],"wp:featuredmedia":[{"embeddable":true,"href":"https:\/\/ecosdelsur.com\/index.php?rest_route=\/wp\/v2\/media\/1137"}],"wp:attachment":[{"href":"https:\/\/ecosdelsur.com\/index.php?rest_route=%2Fwp%2Fv2%2Fmedia&parent=1135"}],"wp:term":[{"taxonomy":"category","embeddable":true,"href":"https:\/\/ecosdelsur.com\/index.php?rest_route=%2Fwp%2Fv2%2Fcategories&post=1135"},{"taxonomy":"post_tag","embeddable":true,"href":"https:\/\/ecosdelsur.com\/index.php?rest_route=%2Fwp%2Fv2%2Ftags&post=1135"}],"curies":[{"name":"wp","href":"https:\/\/api.w.org\/{rel}","templated":true}]}}