{"id":1132,"date":"2023-05-10T03:35:55","date_gmt":"2023-05-10T03:35:55","guid":{"rendered":"https:\/\/ecosdelsur.com\/?p=1132"},"modified":"2023-05-10T03:36:22","modified_gmt":"2023-05-10T03:36:22","slug":"mas-de-120-estudiantes-tecnicos-llevaron-adelante-practicas-vinculadas-a-la-energia-renovable","status":"publish","type":"post","link":"https:\/\/ecosdelsur.com\/?p=1132","title":{"rendered":"M\u00e1s de 120 estudiantes t\u00e9cnicos llevaron adelante pr\u00e1cticas vinculadas a la energ\u00eda renovable"},"content":{"rendered":"<div class=\"itemIntroText\">En el marco de un convenio entre la cartera educativa y la Fundaci\u00f3n YPF, se llevan adelante jornadas de pr\u00e1ctica y acompa\u00f1amiento de docentes vinculadas al Programa de Transici\u00f3n Energ\u00e9tica y Energ\u00edas Renovables, en la\u00a0Escuela Industrial en Procesos Energ\u00e9ticos, \u201cMary S\u00e1nchez\u201d, y en el Aula Taller M\u00f3vil, ubicada en la Universidad Nacional Tecnol\u00f3gica (UTN).<\/div>\n<div class=\"itemFullText\">\n<p>De los talleres,\u00a0desarrollados de 9:00 a 13:00,\u00a0participaron 120 estudiantes avanzados y docentes de la Escuela Industrial N\u00ba 4 y de la Escuela Industrial en Procesos Energ\u00e9ticos, \u201cMary S\u00e1nchez\u201d, quienes pusieron en pr\u00e1ctica saberes, conocimientos y lenguajes t\u00e9cnicos para el desarrollo de la propuesta pedag\u00f3gica y did\u00e1ctica.<\/p>\n<p>Consultado sobre los talleres, el coordinador Provincial de Pr\u00e1cticas Profesionalizantes, Federico Gramajo se\u00f1al\u00f3 que\u00a0el objetivo fue convocar a estudiantes de las escuelas t\u00e9cnicas de la localidad de R\u00edo Gallegos para que lleven adelante diferentes talleres relacionados a las energ\u00edas renovables tales como la fotovoltaica, e\u00f3lica y t\u00e9rmica.<\/p>\n<p>En el primer Taller de Energ\u00eda E\u00f3lica los estudiantes armaron un generador e\u00f3lico, desde la base hasta la colocaci\u00f3n del motor el\u00e9ctrico; mientras que el Taller de Energ\u00eda Fotovoltaica, realizaron la puesta en marcha de un equipo energ\u00e9tico, midiendo la energ\u00eda del consumo de una l\u00e1mpara hal\u00f3gena y led, a fin de observar \u00a0las diferencias y obtener la cantidad de l\u00famenes.<\/p>\n<p>Al mismo tiempo, Gramajo explic\u00f3 que durante el \u00faltimo taller se realiz\u00f3 la carga de un termo solar, donde los y las estudiantes midieron la temperatura de inicio del agua y luego de una exposici\u00f3n de dos horas al sol, se obtuvo un salto t\u00e9rmico de 15 a 20 grados de temperatura.<\/p>\n<p>Por su parte, el director General de ETP Nivel Superior, Ariel Vel\u00e1zquez hizo hincapi\u00e9 en el logro de las expectativas alcanzadas de modo satisfactorio por los estudiantes, quienes se mostraron impactados por los diferentes proyectos realizados manifestando su entusiasmo, por ejemplo, de continuar aprendiendo la confecci\u00f3n del generador e\u00f3lico.<\/p>\n<p>En esta nueva instancia, y como parte de la propuesta de aprendizaje, el director manifest\u00f3 que \u201cse les brind\u00f3 los recursos tecnol\u00f3gicos como para que ellos puedan armar de manera artesanal dicho dispositivo tecnol\u00f3gico\u201d y subray\u00f3 que para lograrlo recorrieron y estudiaron durante cierto tiempo conocimientos y contenidos con sus docentes.<\/p>\n<p>A modo de cierre, valor\u00f3 la propuesta brindada por los docentes de la Fundaci\u00f3n YPF y del equipo t\u00e9cnico de ambas escuelas, que acompa\u00f1aron el desarrollo de los talleres, los cuales continuar\u00e1n ma\u00f1ana en el mismo horario, con aproximadamente 120 estudiantes de la Escuela Industria N\u00ba6 y la EIPE de R\u00edo Gallegos.<\/p>\n<\/div>\n","protected":false},"excerpt":{"rendered":"<p>En el marco de un convenio entre la cartera educativa y la Fundaci\u00f3n YPF, se llevan adelante jornadas de pr\u00e1ctica<\/p>\n","protected":false},"author":8,"featured_media":1133,"comment_status":"open","ping_status":"closed","sticky":false,"template":"","format":"standard","meta":{"footnotes":""},"categories":[39],"tags":[82,81],"class_list":["post-1132","post","type-post","status-publish","format-standard","has-post-thumbnail","hentry","category-tecnologia","tag-energia-renovable","tag-estudiantes-tecnicos"],"_links":{"self":[{"href":"https:\/\/ecosdelsur.com\/index.php?rest_route=\/wp\/v2\/posts\/1132","targetHints":{"allow":["GET"]}}],"collection":[{"href":"https:\/\/ecosdelsur.com\/index.php?rest_route=\/wp\/v2\/posts"}],"about":[{"href":"https:\/\/ecosdelsur.com\/index.php?rest_route=\/wp\/v2\/types\/post"}],"author":[{"embeddable":true,"href":"https:\/\/ecosdelsur.com\/index.php?rest_route=\/wp\/v2\/users\/8"}],"replies":[{"embeddable":true,"href":"https:\/\/ecosdelsur.com\/index.php?rest_route=%2Fwp%2Fv2%2Fcomments&post=1132"}],"version-history":[{"count":0,"href":"https:\/\/ecosdelsur.com\/index.php?rest_route=\/wp\/v2\/posts\/1132\/revisions"}],"wp:featuredmedia":[{"embeddable":true,"href":"https:\/\/ecosdelsur.com\/index.php?rest_route=\/wp\/v2\/media\/1133"}],"wp:attachment":[{"href":"https:\/\/ecosdelsur.com\/index.php?rest_route=%2Fwp%2Fv2%2Fmedia&parent=1132"}],"wp:term":[{"taxonomy":"category","embeddable":true,"href":"https:\/\/ecosdelsur.com\/index.php?rest_route=%2Fwp%2Fv2%2Fcategories&post=1132"},{"taxonomy":"post_tag","embeddable":true,"href":"https:\/\/ecosdelsur.com\/index.php?rest_route=%2Fwp%2Fv2%2Ftags&post=1132"}],"curies":[{"name":"wp","href":"https:\/\/api.w.org\/{rel}","templated":true}]}}