{"id":1128,"date":"2023-05-09T23:09:41","date_gmt":"2023-05-09T23:09:41","guid":{"rendered":"https:\/\/ecosdelsur.com\/?p=1128"},"modified":"2023-05-09T23:09:57","modified_gmt":"2023-05-09T23:09:57","slug":"programa-mas-cerca-suma-plan-de-bacheo-y-acondicionamiento-vial-en-el-barrio-3-de-febrero","status":"publish","type":"post","link":"https:\/\/ecosdelsur.com\/?p=1128","title":{"rendered":"Programa \u201cM\u00e1s Cerca\u201d suma Plan de Bacheo y Acondicionamiento Vial en el barrio 3 de Febrero"},"content":{"rendered":"<p class=\"yiv8333768482MsoNormal\"><i><span class=\"yiv8333768482ContentPasted0\">Desde este lunes y hasta el 12 de mayo, el Programa \u201cM\u00e1s Cerca\u201d se encuentra funcionando en el CIJ del 3 de febrero de 14 a 18 horas, y a trav\u00e9s del mismo el Municipio inici\u00f3 con las tareas pertinentes para responder a las demandas de los vecinos y la zona. \u00a0<\/span><\/i><\/p>\n<p class=\"yiv8333768482MsoNormal\"><i>\u00a0<\/i><\/p>\n<p class=\"yiv8333768482MsoNormal\"><span class=\"yiv8333768482ContentPasted0\">Como en cada edici\u00f3n, las Secretar\u00edas de Coordinaci\u00f3n General, Servicios y Obras P\u00fablicas se encuentran ejecutando dispositivos de limpieza, bacheo y el acondicionamiento de calles. Asimismo, en forma simult\u00e1nea, en el Centro integrador Juvenil podr\u00e1n realizar tr\u00e1mites municipales, participar de talleres o solicitar audiencias con los integrantes del Gabinete Comunal. \u00a0<\/span><\/p>\n<p class=\"yiv8333768482MsoNormal\"><span class=\"yiv8333768482ContentPasted0\">Por otro lado, estar\u00e1n presentes los organismos nacionales y provinciales como ANSES, Personer\u00eda Jur\u00eddica, Banco de Sangre del HZCO, INAFCI e INTA. \u00a0<\/span><\/p>\n<p class=\"yiv8333768482MsoNormal\"><span class=\"yiv8333768482ContentPasted0\">En este contexto, Juan Carlos G\u00f3mez, secretario de Coordinaci\u00f3n General, mencion\u00f3 que, hace varios d\u00edas, se viene trabajando en dicho sector e invit\u00f3 a los vecinos a que se acerquen a despejar sus dudas, realizar un tr\u00e1mite o reclamo al CIJ. \u00a0<\/span><\/p>\n<p class=\"yiv8333768482MsoNormal\"><b><i><span class=\"yiv8333768482ContentPasted0\">\u201cSe est\u00e1n repasando las calles principales e igualmente, estamos pendientes de los reclamos de los vecinos para actuar como corresponde a la demanda. Existen varias zonas que se deben intervenir, luego la colocaci\u00f3n de la red de agua y en funci\u00f3n de eso, la Comuna est\u00e1 reparando las mismas en toda la ciudad\u201d<\/span><\/i><\/b><span class=\"yiv8333768482ContentPasted0\">, sostuvo. \u00a0<\/span><\/p>\n<p class=\"yiv8333768482MsoNormal\"><span class=\"yiv8333768482ContentPasted0\">Por otro lado, Rub\u00e9n Contreras, secretario de Servicios, coment\u00f3 que ya comenzaron con la reparaci\u00f3n de 7 baches y planean continuar por la calle Ant\u00e1rtida Argentina. \u00a0<\/span><\/p>\n<p class=\"yiv8333768482MsoNormal\"><b><i><span class=\"yiv8333768482ContentPasted0\">\u201cVenimos recorriendo varios puntos de la ciudad con la idea de que este plan tenga continuidad y podamos culminarlo en tres meses. Tambi\u00e9n estamos con las labores de limpieza y seguramente ya ma\u00f1ana estaremos con las m\u00e1quinas y camiones\u201d<\/span><\/i><\/b><span class=\"yiv8333768482ContentPasted0\">, culmin\u00f3. \u00a0<\/span><\/p>\n<p class=\"yiv8333768482MsoNormal\"><span class=\"yiv8333768482ContentPasted0\">Finalmente, Claudio Varela, vecino del barrio 3 de Febrero, manifest\u00f3 que el \u00e1rea necesitaba dichas intervenciones. \u00a0<\/span><\/p>\n<p class=\"yiv8333768482MsoNormal\"><b><i><span class=\"yiv8333768482ContentPasted0\">\u201cEstuvieron limpiando, refaccionando algunas zonas, y esto hace que los vecinos vivan mejor, siempre colaborando de nuestra parte. Ahora lo que m\u00e1s se necesita es red de cloacas porque no dan abasto las que est\u00e1n, pero despu\u00e9s dentro de todo, esta zona est\u00e1 bien\u201d<\/span><\/i><\/b><span class=\"yiv8333768482ContentPasted0\">, cerr\u00f3. \u00a0<\/span><\/p>\n<p class=\"yiv8333768482MsoNormal\"><span class=\"yiv8333768482ContentPasted0\">En conclusi\u00f3n, un despliegue que se sostiene, se concreta de manera integral y lleva soluci\u00f3n a los requerimientos de los vecinos. En definitiva, un municipio cada vez M\u00e1s Cerca.\u00a0<\/span><\/p>\n","protected":false},"excerpt":{"rendered":"<p>Desde este lunes y hasta el 12 de mayo, el Programa \u201cM\u00e1s Cerca\u201d se encuentra funcionando en el CIJ del<\/p>\n","protected":false},"author":8,"featured_media":1129,"comment_status":"open","ping_status":"closed","sticky":false,"template":"","format":"standard","meta":{"footnotes":""},"categories":[1],"tags":[],"class_list":["post-1128","post","type-post","status-publish","format-standard","has-post-thumbnail","hentry","category-uncategorized"],"_links":{"self":[{"href":"https:\/\/ecosdelsur.com\/index.php?rest_route=\/wp\/v2\/posts\/1128","targetHints":{"allow":["GET"]}}],"collection":[{"href":"https:\/\/ecosdelsur.com\/index.php?rest_route=\/wp\/v2\/posts"}],"about":[{"href":"https:\/\/ecosdelsur.com\/index.php?rest_route=\/wp\/v2\/types\/post"}],"author":[{"embeddable":true,"href":"https:\/\/ecosdelsur.com\/index.php?rest_route=\/wp\/v2\/users\/8"}],"replies":[{"embeddable":true,"href":"https:\/\/ecosdelsur.com\/index.php?rest_route=%2Fwp%2Fv2%2Fcomments&post=1128"}],"version-history":[{"count":0,"href":"https:\/\/ecosdelsur.com\/index.php?rest_route=\/wp\/v2\/posts\/1128\/revisions"}],"wp:featuredmedia":[{"embeddable":true,"href":"https:\/\/ecosdelsur.com\/index.php?rest_route=\/wp\/v2\/media\/1129"}],"wp:attachment":[{"href":"https:\/\/ecosdelsur.com\/index.php?rest_route=%2Fwp%2Fv2%2Fmedia&parent=1128"}],"wp:term":[{"taxonomy":"category","embeddable":true,"href":"https:\/\/ecosdelsur.com\/index.php?rest_route=%2Fwp%2Fv2%2Fcategories&post=1128"},{"taxonomy":"post_tag","embeddable":true,"href":"https:\/\/ecosdelsur.com\/index.php?rest_route=%2Fwp%2Fv2%2Ftags&post=1128"}],"curies":[{"name":"wp","href":"https:\/\/api.w.org\/{rel}","templated":true}]}}