{"id":1124,"date":"2023-05-09T23:03:42","date_gmt":"2023-05-09T23:03:42","guid":{"rendered":"https:\/\/ecosdelsur.com\/?p=1124"},"modified":"2023-05-09T23:05:39","modified_gmt":"2023-05-09T23:05:39","slug":"misteriosa-desaparicion-de-un-peon-de-estancia","status":"publish","type":"post","link":"https:\/\/ecosdelsur.com\/?p=1124","title":{"rendered":"Misteriosa desaparici\u00f3n de un pe\u00f3n de estancia"},"content":{"rendered":"<p>Se llama Nicol\u00e1s Tula, tiene 36 a\u00f1os, es oriundo de La Rioja y trabajaba como pe\u00f3n rural en la Estancia &#8220;Magallanes&#8221; ubicada a unos 80 kil\u00f3metros de Las Heras.<\/p>\n<p>La prima del joven desaparecido, se\u00f1al\u00f3 que Tula \u201cvive ah\u00ed de forma de permanente\u201d, en relaci\u00f3n a la estancia donde trabaja,y sostuvo que \u201ccada tanto \u00e9l viene a visitarnos\u201d. Sin embargo, ya se cumplen varios d\u00edas desde que no hay noticias de \u00e9l.<\/p>\n<p><strong>&#8220;El tiene su celular pero la se\u00f1al en donde el trabaja es nula, nos enteramos de su desaparici\u00f3n por parte del due\u00f1o de la estancia&#8221;<\/strong>, indic\u00f3 la prima del desaparecido.<\/p>\n<p>Las primeras hip\u00f3tesis rondan en que\u00a0<strong>\u201chubo un robo en la estancia\u201d<\/strong>\u00a0debido a que\u00a0\u201chay faltantes\u201d. Brenda Tula manifest\u00f3 que su primo\u00a0<strong>&#8220;no est\u00e1 por ningun lado y \u00e9l por sus propios medio no iba a desaparecer&#8221;<\/strong>, asegur\u00f3.<\/p>\n","protected":false},"excerpt":{"rendered":"<p>Se llama Nicol\u00e1s Tula, tiene 36 a\u00f1os, es oriundo de La Rioja y trabajaba como pe\u00f3n rural en la Estancia<\/p>\n","protected":false},"author":8,"featured_media":1125,"comment_status":"open","ping_status":"closed","sticky":false,"template":"","format":"standard","meta":{"footnotes":""},"categories":[36],"tags":[],"class_list":["post-1124","post","type-post","status-publish","format-standard","has-post-thumbnail","hentry","category-policiales"],"_links":{"self":[{"href":"https:\/\/ecosdelsur.com\/index.php?rest_route=\/wp\/v2\/posts\/1124","targetHints":{"allow":["GET"]}}],"collection":[{"href":"https:\/\/ecosdelsur.com\/index.php?rest_route=\/wp\/v2\/posts"}],"about":[{"href":"https:\/\/ecosdelsur.com\/index.php?rest_route=\/wp\/v2\/types\/post"}],"author":[{"embeddable":true,"href":"https:\/\/ecosdelsur.com\/index.php?rest_route=\/wp\/v2\/users\/8"}],"replies":[{"embeddable":true,"href":"https:\/\/ecosdelsur.com\/index.php?rest_route=%2Fwp%2Fv2%2Fcomments&post=1124"}],"version-history":[{"count":0,"href":"https:\/\/ecosdelsur.com\/index.php?rest_route=\/wp\/v2\/posts\/1124\/revisions"}],"wp:featuredmedia":[{"embeddable":true,"href":"https:\/\/ecosdelsur.com\/index.php?rest_route=\/wp\/v2\/media\/1125"}],"wp:attachment":[{"href":"https:\/\/ecosdelsur.com\/index.php?rest_route=%2Fwp%2Fv2%2Fmedia&parent=1124"}],"wp:term":[{"taxonomy":"category","embeddable":true,"href":"https:\/\/ecosdelsur.com\/index.php?rest_route=%2Fwp%2Fv2%2Fcategories&post=1124"},{"taxonomy":"post_tag","embeddable":true,"href":"https:\/\/ecosdelsur.com\/index.php?rest_route=%2Fwp%2Fv2%2Ftags&post=1124"}],"curies":[{"name":"wp","href":"https:\/\/api.w.org\/{rel}","templated":true}]}}