{"id":1111,"date":"2023-05-09T22:09:33","date_gmt":"2023-05-09T22:09:33","guid":{"rendered":"https:\/\/ecosdelsur.com\/?p=1111"},"modified":"2023-05-09T22:10:04","modified_gmt":"2023-05-09T22:10:04","slug":"nuevas-ambulancias-para-hospitales-publicos","status":"publish","type":"post","link":"https:\/\/ecosdelsur.com\/?p=1111","title":{"rendered":"Nuevas ambulancias para hospitales p\u00fablicos"},"content":{"rendered":"<p>La gobernadora Alicia Kirchner, hizo entrega este viernes de nuevas ambulancias a las autoridades de los hospitales de catorce localidades de Santa Cruz. Esta inversi\u00f3n de m\u00e1s de mil millones de pesos, tiene como finalidad, fortalecer el segundo nivel sanitario y potenciar las acciones que se concretan en los nosocomios p\u00fablicos, se indica en el informe prensa oficial.<\/p>\n<p>La ceremonia de entrega de llaves se realiz\u00f3 a mediod\u00eda en el Sal\u00f3n Blanco de la Casa de Gobierno y luego fueron presentas las flamantes unidades.<\/p>\n<p>La mandataria provincial estuvo acompa\u00f1ada por el ministro de Salud Claudio Garc\u00eda y otros integrantes de su gabinete precis\u00e1ndose que 11 de los flamantes m\u00f3viles sanitarios cuentan con equipamiento m\u00e9dico de \u00faltima generaci\u00f3n.<\/p>\n<p>Fueron destinadas a las localidades de Caleta Olivia, Los Antiguos, Perito Moreno, Las Heras, Puerto Deseado, Gobernador Gregores, Comandante Luis Piedra Buena, 28 de Noviembre, El Calafate y R\u00edo Gallegos.<\/p>\n<p>Adem\u00e1s, en esta misma ocasi\u00f3n tambi\u00e9n se entregaron 4 unidades gestionadas ante Naci\u00f3n, en el marco de Reconstrucci\u00f3n Federal de la Argentina.<\/p>\n<p>Se trata de unidades marca Toyota 4&#215;4, destinadas a cubrir zonas de dif\u00edcil acceso e inclemencias clim\u00e1ticas como El Chalt\u00e9n, Tres Cerros, Lago Posadas y Rio Turbio y todo el parque automotor fue presentado en las instalaciones del Ministerio de Salud y Ambiente.<img decoding=\"async\" class=\"size-medium wp-image-1112 aligncenter lazyload\" data-src=\"https:\/\/ecosdelsur.com\/wp-content\/uploads\/2023\/05\/amm-300x165.jpg\" alt=\"\" width=\"300\" height=\"165\" data-srcset=\"https:\/\/ecosdelsur.com\/wp-content\/uploads\/2023\/05\/amm-300x165.jpg 300w, https:\/\/ecosdelsur.com\/wp-content\/uploads\/2023\/05\/amm.jpg 640w\" data-sizes=\"(max-width: 300px) 100vw, 300px\" src=\"data:image\/svg+xml;base64,PHN2ZyB3aWR0aD0iMSIgaGVpZ2h0PSIxIiB4bWxucz0iaHR0cDovL3d3dy53My5vcmcvMjAwMC9zdmciPjwvc3ZnPg==\" style=\"--smush-placeholder-width: 300px; --smush-placeholder-aspect-ratio: 300\/165;\" \/><\/p>\n","protected":false},"excerpt":{"rendered":"<p>La gobernadora Alicia Kirchner, hizo entrega este viernes de nuevas ambulancias a las autoridades de los hospitales de catorce localidades<\/p>\n","protected":false},"author":8,"featured_media":1113,"comment_status":"open","ping_status":"closed","sticky":false,"template":"","format":"standard","meta":{"footnotes":""},"categories":[34],"tags":[],"class_list":["post-1111","post","type-post","status-publish","format-standard","has-post-thumbnail","hentry","category-economia"],"_links":{"self":[{"href":"https:\/\/ecosdelsur.com\/index.php?rest_route=\/wp\/v2\/posts\/1111","targetHints":{"allow":["GET"]}}],"collection":[{"href":"https:\/\/ecosdelsur.com\/index.php?rest_route=\/wp\/v2\/posts"}],"about":[{"href":"https:\/\/ecosdelsur.com\/index.php?rest_route=\/wp\/v2\/types\/post"}],"author":[{"embeddable":true,"href":"https:\/\/ecosdelsur.com\/index.php?rest_route=\/wp\/v2\/users\/8"}],"replies":[{"embeddable":true,"href":"https:\/\/ecosdelsur.com\/index.php?rest_route=%2Fwp%2Fv2%2Fcomments&post=1111"}],"version-history":[{"count":0,"href":"https:\/\/ecosdelsur.com\/index.php?rest_route=\/wp\/v2\/posts\/1111\/revisions"}],"wp:featuredmedia":[{"embeddable":true,"href":"https:\/\/ecosdelsur.com\/index.php?rest_route=\/wp\/v2\/media\/1113"}],"wp:attachment":[{"href":"https:\/\/ecosdelsur.com\/index.php?rest_route=%2Fwp%2Fv2%2Fmedia&parent=1111"}],"wp:term":[{"taxonomy":"category","embeddable":true,"href":"https:\/\/ecosdelsur.com\/index.php?rest_route=%2Fwp%2Fv2%2Fcategories&post=1111"},{"taxonomy":"post_tag","embeddable":true,"href":"https:\/\/ecosdelsur.com\/index.php?rest_route=%2Fwp%2Fv2%2Ftags&post=1111"}],"curies":[{"name":"wp","href":"https:\/\/api.w.org\/{rel}","templated":true}]}}