{"id":1012,"date":"2023-05-08T20:44:13","date_gmt":"2023-05-08T20:44:13","guid":{"rendered":"https:\/\/ecosdelsur.com\/?p=1012"},"modified":"2023-05-08T20:44:13","modified_gmt":"2023-05-08T20:44:13","slug":"canal-9-un-importante-avance-en-la-digitalizacion-de-su-senal","status":"publish","type":"post","link":"https:\/\/ecosdelsur.com\/?p=1012","title":{"rendered":"Canal 9: un importante avance en la digitalizaci\u00f3n de su se\u00f1al"},"content":{"rendered":"<div class=\"itemIntroText\"><img decoding=\"async\" class=\"alignnone size-medium wp-image-1015 lazyload\" data-src=\"https:\/\/ecosdelsur.com\/wp-content\/uploads\/2023\/05\/20230508-LICITACION_CANAL_9_11-300x183.jpg\" alt=\"\" width=\"300\" height=\"183\" data-srcset=\"https:\/\/ecosdelsur.com\/wp-content\/uploads\/2023\/05\/20230508-LICITACION_CANAL_9_11-300x183.jpg 300w, https:\/\/ecosdelsur.com\/wp-content\/uploads\/2023\/05\/20230508-LICITACION_CANAL_9_11-768x468.jpg 768w, https:\/\/ecosdelsur.com\/wp-content\/uploads\/2023\/05\/20230508-LICITACION_CANAL_9_11.jpg 800w\" data-sizes=\"(max-width: 300px) 100vw, 300px\" src=\"data:image\/svg+xml;base64,PHN2ZyB3aWR0aD0iMSIgaGVpZ2h0PSIxIiB4bWxucz0iaHR0cDovL3d3dy53My5vcmcvMjAwMC9zdmciPjwvc3ZnPg==\" style=\"--smush-placeholder-width: 300px; --smush-placeholder-aspect-ratio: 300\/183;\" \/> <img decoding=\"async\" class=\"alignnone size-medium wp-image-1014 lazyload\" data-src=\"https:\/\/ecosdelsur.com\/wp-content\/uploads\/2023\/05\/20230508-LICITACION_CANAL_9_8-300x200.jpg\" alt=\"\" width=\"300\" height=\"200\" data-srcset=\"https:\/\/ecosdelsur.com\/wp-content\/uploads\/2023\/05\/20230508-LICITACION_CANAL_9_8-300x200.jpg 300w, https:\/\/ecosdelsur.com\/wp-content\/uploads\/2023\/05\/20230508-LICITACION_CANAL_9_8-768x511.jpg 768w, https:\/\/ecosdelsur.com\/wp-content\/uploads\/2023\/05\/20230508-LICITACION_CANAL_9_8.jpg 800w\" data-sizes=\"(max-width: 300px) 100vw, 300px\" src=\"data:image\/svg+xml;base64,PHN2ZyB3aWR0aD0iMSIgaGVpZ2h0PSIxIiB4bWxucz0iaHR0cDovL3d3dy53My5vcmcvMjAwMC9zdmciPjwvc3ZnPg==\" style=\"--smush-placeholder-width: 300px; --smush-placeholder-aspect-ratio: 300\/200;\" \/><\/div>\n<div class=\"itemIntroText\">En esta jornada, se llev\u00f3 adelante la ceremonia de apertura de sobres de la Licitaci\u00f3n P\u00fablica N\u00ba 02\/2023, para la adquisici\u00f3n de equipamiento Digital Full HD para el estudio de Canal 9 LU 85 TV. Luego de la misma, la gobernadora Alicia Kirchner se reuni\u00f3 con el equipo de trabajo de AMA Santa Cruz para conocer los resultados. \u201cDe este modo, estamos mejorando la calidad de imagen, optimizando los recursos y contribuyendo a que el Canal baluarte siga avanzando en la consolidaci\u00f3n de la identidad santacruce\u00f1a\u201d, recalc\u00f3.<\/div>\n<div class=\"itemFullText\">\n<p>El Gobierno de Santa Cruz a trav\u00e9s de la Ley N\u00b0 3723, instituy\u00f3 el Sistema Integral de Medios y Contenidos P\u00fablicos de la provincia, integrado por la Agencia de Medios y Contenidos Audiovisuales (AMA Santa Cruz), el cual sienta un precedente en la comunicaci\u00f3n, pero, adem\u00e1s, traza un camino de federalismo, de escucha activa, de inclusi\u00f3n, y de pertenencia santacruce\u00f1a.<\/p>\n<p>En este marco, desde la Gerencia de Administraci\u00f3n de AMA Santa Cruz se realiz\u00f3 hoy la apertura de sobres correspondientes a la Licitaci\u00f3n Publica N\u00ba 02\/2023, en la localidad de R\u00edo Gallegos, para la adquisici\u00f3n de equipamiento Digital Full HD para estudio de Canal 9 LU 85 TV.<\/p>\n<p>Durante la ceremonia se hicieron presentes, la directora Superior de AMA Santa Cruz, Viviana Lazarte; el gerente de Administraci\u00f3n, Alejandro Faur\u00e9; el gerente de LU85 TV Canal 9, Julio Mansilla; la escribana Mayor de la Provincia, Marcela Jimena Tejada.<\/p>\n<p>Es importante destacar que a trav\u00e9s de la apertura de sobres licitatorios para la adquisici\u00f3n del equipamiento se apunta a transparentar los procedimientos administrativos de la gesti\u00f3n p\u00fablica y del estado provincial.<\/p>\n<p>De este modo, se podr\u00e1 administrar los fondos p\u00fablicos en pos de adquirir el equipamiento t\u00e9cnico necesario para adecuar Canal 9, a la normativa vigente que exige emitir la se\u00f1al de acuerdo a los est\u00e1ndares del Sistema Argentino de Televisi\u00f3n Digital Terrestre (SATVD-T) basado tambi\u00e9n en el est\u00e1ndar denominado ISDB-T (Integrate Service Digital Broadcasting Terrestrial). Asimismo, se podr\u00e1 potenciar el desarrollo de la Agencia de Medios y Contenidos Audiovisuales (AMA Santa Cruz).<\/p>\n<p>El monto estimado de inversi\u00f3n ser\u00e1 de $528.308.030,00.- (pesos quinientos veintiocho millones trescientos ocho mil treinta). Adem\u00e1s, estuvieron presentes autoridades del Tribunal de Cuentas; la gerenta de LU 14 Radio Provincia, Claudia S\u00e1nchez; el gerente de Comunicaci\u00f3n Territorial y Relaciones Institucionales de AMA Santa Cruz, Alejandro Garz\u00f3n, entre otros.<\/p>\n<p><strong>Consolidaci\u00f3n de la identidad santacruce\u00f1a<\/strong><\/p>\n<p>Posteriormente, la gobernadora Alicia Kirchner acompa\u00f1ada por el ministro de Gobierno, Leandro Zuliani recibi\u00f3 al equipo de trabajo, en la Sala Gobernador Gregores de Casa de Gobierno, donde aprovech\u00f3 la oportunidad para destacar el importante paso que se est\u00e1 dando en tecnolog\u00eda y digitalizaci\u00f3n para modernizar la pantalla de Canal 9. \u201cDe este modo, estamos mejorando la calidad de imagen, optimizando los recursos y contribuyendo a que el Canal, baluarte siga avanzando en la consolidaci\u00f3n de la identidad santacruce\u00f1a\u201d, recalc\u00f3.<\/p>\n<p>Por su parte, el gerente de Canal 9 Julio Mansilla, destac\u00f3 la decisi\u00f3n pol\u00edtica que ha tenido la gobernadora Alicia Kirchner, que en el a\u00f1o 2017 \u201cconstruy\u00f3 un estudio modelo en la Patagonia y luego equiparlo con equipamiento de alta tecnolog\u00eda. Realmente es un sue\u00f1o cumplido\u201d. A su vez, remarc\u00f3 la importancia de esta licitaci\u00f3n ya que fueron 3 los oferentes para la misma, \u201csabiendo que, con la variante cambiaria de hoy, es muy importante. Fueron m\u00e1s de 500 millones de pesos, con una parte en moneda extranjera\u201d.<\/p>\n<p>En cuanto al tiempo para terminar de equipar el estudio, declar\u00f3 que, al finalizar los tr\u00e1mites administrativos, \u201csiguen los 30 d\u00edas donde habr\u00e1 una comisi\u00f3n evaluadora, siguiendo con la pre adjudicaci\u00f3n\u201d.<\/p>\n<p>Adem\u00e1s, Mansilla hizo extensivo su agradecimiento al ministro de Gobierno, Leandro Zuliani y a la directora Superior Viviana Lazarte, por confiarle ser parte del equipo de trabajo.<\/p>\n<p>En ese contexto, el director Provincial T\u00e9cnico Operativo Audiovisuales, Marcelo Navarro, se\u00f1al\u00f3: \u00a0\u201cTodo el equipamiento viene a abastecer al estudio t\u00e9cnicamente, ya que dan movilidad a una estructura del estudio, donde permite realizar otro tipo de programas, otra din\u00e1mica y funcionamiento\u201d.<\/p>\n<p><strong>Fuente: AMA Santa Cruz<\/strong><\/p>\n<\/div>\n<div class=\"clr\"><\/div>\n<div class=\"itemSocialSharing\"><\/div>\n","protected":false},"excerpt":{"rendered":"<p>En esta jornada, se llev\u00f3 adelante la ceremonia de apertura de sobres de la Licitaci\u00f3n P\u00fablica N\u00ba 02\/2023, para la<\/p>\n","protected":false},"author":8,"featured_media":1013,"comment_status":"open","ping_status":"closed","sticky":false,"template":"","format":"standard","meta":{"footnotes":""},"categories":[34],"tags":[],"class_list":["post-1012","post","type-post","status-publish","format-standard","has-post-thumbnail","hentry","category-economia"],"_links":{"self":[{"href":"https:\/\/ecosdelsur.com\/index.php?rest_route=\/wp\/v2\/posts\/1012","targetHints":{"allow":["GET"]}}],"collection":[{"href":"https:\/\/ecosdelsur.com\/index.php?rest_route=\/wp\/v2\/posts"}],"about":[{"href":"https:\/\/ecosdelsur.com\/index.php?rest_route=\/wp\/v2\/types\/post"}],"author":[{"embeddable":true,"href":"https:\/\/ecosdelsur.com\/index.php?rest_route=\/wp\/v2\/users\/8"}],"replies":[{"embeddable":true,"href":"https:\/\/ecosdelsur.com\/index.php?rest_route=%2Fwp%2Fv2%2Fcomments&post=1012"}],"version-history":[{"count":0,"href":"https:\/\/ecosdelsur.com\/index.php?rest_route=\/wp\/v2\/posts\/1012\/revisions"}],"wp:featuredmedia":[{"embeddable":true,"href":"https:\/\/ecosdelsur.com\/index.php?rest_route=\/wp\/v2\/media\/1013"}],"wp:attachment":[{"href":"https:\/\/ecosdelsur.com\/index.php?rest_route=%2Fwp%2Fv2%2Fmedia&parent=1012"}],"wp:term":[{"taxonomy":"category","embeddable":true,"href":"https:\/\/ecosdelsur.com\/index.php?rest_route=%2Fwp%2Fv2%2Fcategories&post=1012"},{"taxonomy":"post_tag","embeddable":true,"href":"https:\/\/ecosdelsur.com\/index.php?rest_route=%2Fwp%2Fv2%2Ftags&post=1012"}],"curies":[{"name":"wp","href":"https:\/\/api.w.org\/{rel}","templated":true}]}}